{"id":383940,"date":"2015-02-17T10:14:00","date_gmt":"2015-02-17T07:14:00","guid":{"rendered":"https:\/\/analyse.optim.biz\/?p=383940"},"modified":"2015-02-17T10:14:00","modified_gmt":"2015-02-17T07:14:00","slug":"sebastian-ghita-adus-cu-mandat-la-dna","status":"publish","type":"post","link":"https:\/\/analyse.optim.biz\/?p=383940","title":{"rendered":"Sebastian Ghi\u0163\u0103, adus cu mandat la DNA!"},"content":{"rendered":"<div class=\"description\" data-key=\"description\">Deputatul Sebastian Ghi\u0163\u0103 a fost adus cu mandat, mar\u0163i, la DNA Ploie\u015fti, el fiind suspect \u00een dosarul \u00een care este vizat Iulian Her\u0163anu, cumnatul premierului Victor Ponta.<\/div>\n<div class=\"articleBody\" data-key=\"articleBody\">Deputatul Sebastian Ghi\u0163\u0103 a fost adus cu mandat, mar\u0163i, la DNA Ploie\u015fti, el fiind suspect \u00een dosarul \u00een care este vizat Iulian Her\u0163anu, cumnatul premierului Victor Ponta. \u00a0<br \/>\n\u00centrebat, la intrarea DNA Ploie\u015fti, dac\u0103 \u015ftie detalii din dosarul care vizeaz\u0103 o serie de lucr\u0103ri la infrastructura de canalizare, Ghi\u0163\u0103 a explicat c\u0103 este o situ\u0163ie cunoscut\u0103 de ani de zile. &#8220;\u015etim to\u0163i, cunoa\u015ftem to\u0163i factorii politici din jude\u0163 c\u0103 este o situa\u0163ie care treneaz\u0103 de c\u00e2\u0163iva ani de zile. Lucrurile nu au func\u0163ionat bine. A fost o licita\u0163ie c\u00e2\u015ftigat\u0103 cu bani pu\u0163ini, \u015fi lucrarea este slab\u0103. Dar nu cunosc mai multe alte detalii.&#8221;<\/div>\n<p> Source URL: https:\/\/observatornews.ro\/politic\/sebastian-ghita-adus-cu-mandat-la-dna-145904.html<\/p>\n","protected":false},"excerpt":{"rendered":"<p>Deputatul Sebastian Ghi\u0163\u0103 a fost adus cu mandat, mar\u0163i, la DNA Ploie\u015fti, el fiind suspect \u00een dosarul \u00een care este vizat Iulian Her\u0163anu, cumnatul premierului Victor Ponta. Deputatul Sebastian Ghi\u0163\u0103 a fost adus cu mandat, mar\u0163i, la DNA Ploie\u015fti, el fiind suspect \u00een dosarul \u00een care este vizat Iulian Her\u0163anu, cumnatul premierului Victor Ponta. \u00a0 [&hellip;]<\/p>\n","protected":false},"author":1,"featured_media":0,"comment_status":"open","ping_status":"","sticky":false,"template":"","format":"standard","meta":{"footnotes":""},"categories":[2],"tags":[30],"class_list":["post-383940","post","type-post","status-publish","format-standard","hentry","category-politics","tag-observatornews-ro"],"_links":{"self":[{"href":"https:\/\/analyse.optim.biz\/index.php?rest_route=\/wp\/v2\/posts\/383940","targetHints":{"allow":["GET"]}}],"collection":[{"href":"https:\/\/analyse.optim.biz\/index.php?rest_route=\/wp\/v2\/posts"}],"about":[{"href":"https:\/\/analyse.optim.biz\/index.php?rest_route=\/wp\/v2\/types\/post"}],"author":[{"embeddable":true,"href":"https:\/\/analyse.optim.biz\/index.php?rest_route=\/wp\/v2\/users\/1"}],"replies":[{"embeddable":true,"href":"https:\/\/analyse.optim.biz\/index.php?rest_route=%2Fwp%2Fv2%2Fcomments&post=383940"}],"version-history":[{"count":0,"href":"https:\/\/analyse.optim.biz\/index.php?rest_route=\/wp\/v2\/posts\/383940\/revisions"}],"wp:attachment":[{"href":"https:\/\/analyse.optim.biz\/index.php?rest_route=%2Fwp%2Fv2%2Fmedia&parent=383940"}],"wp:term":[{"taxonomy":"category","embeddable":true,"href":"https:\/\/analyse.optim.biz\/index.php?rest_route=%2Fwp%2Fv2%2Fcategories&post=383940"},{"taxonomy":"post_tag","embeddable":true,"href":"https:\/\/analyse.optim.biz\/index.php?rest_route=%2Fwp%2Fv2%2Ftags&post=383940"}],"curies":[{"name":"wp","href":"https:\/\/api.w.org\/{rel}","templated":true}]}}