{"id":383939,"date":"2015-02-17T10:20:00","date_gmt":"2015-02-17T07:20:00","guid":{"rendered":"https:\/\/analyse.optim.biz\/?p=383939"},"modified":"2015-02-17T10:20:00","modified_gmt":"2015-02-17T07:20:00","slug":"cererile-dna-pe-numele-elenei-udrea-vor-fi-discutate-miercuri-in-comisia-juridica","status":"publish","type":"post","link":"https:\/\/analyse.optim.biz\/?p=383939","title":{"rendered":"Cererile DNA pe numele Elenei Udrea vor fi discutate miercuri \u00een Comisia juridic\u0103"},"content":{"rendered":"<div class=\"description\" data-key=\"description\">Potrivit pre\u0219edintelui Comisiei, Bogdan Ciuc\u0103, Elena Udrea a fost invitat\u0103 s\u0103 participe la \u0219edin\u021b\u0103 \u0219i s\u0103 \u00ee\u0219i spun\u0103 punctul de vedere cu privire la acuza\u021biile care i se aduc, dar nu se \u0219tie dac\u0103 aceasta va fi prezent\u0103<\/div>\n<div class=\"articleBody\" data-key=\"articleBody\">Potrivit pre\u0219edintelui Comisiei, Bogdan Ciuc\u0103, Elena Udrea a fost invitat\u0103 s\u0103 participe la \u0219edin\u021b\u0103 \u0219i s\u0103 \u00ee\u0219i spun\u0103 punctul de vedere cu privire la acuza\u021biile care i se aduc, dar nu se \u0219tie dac\u0103 aceasta va fi prezent\u0103<br \/>\nCererile procurorului \u0219ef al DNA privind \u00eencuviin\u021barea urm\u0103ririi penale \u0219i arest\u0103rii preventive a Elenei Udrea pentru s\u0103v\u00e2r\u0219irea de noi infrac\u021biuni \u00een dosarul Gala Bute au fost trimise luni de Biroul permanent al Camerei Deputa\u021bilor c\u0103tre Comisia juridic\u0103 care trebuie s\u0103 \u00eentocmeasc\u0103 un raport.<br \/>\nProcurorul \u0219ef al DNA, Laura Codru\u021ba Kovesi, a cerut sesizarea Camerei Deputa\u021bilor pentru formularea cererii de efectuare a urm\u0103ririi penale \u0219i arest\u0103rii preventive a Elenei Udrea pentru s\u0103v\u00e2r\u0219irea de noi infrac\u021biuni \u00een dosarul Gala Bute.<br \/>\n&#8220;\u00cen conformitate cu prevederile legale \u0219i constitu\u021bionale, procurorul \u0219ef al DNA Laura Codru\u021ba Kovesi a transmis procurorului general al P\u00ceCCJ referatul cauzei, \u00een vederea sesiz\u0103rii Camerei Deputa\u021bilor pentru formularea cererii de efectuare a urm\u0103ririi penale fa\u021b\u0103 de deputatul Elena Udrea, pentru s\u0103v\u00e2r\u0219irea a trei infrac\u021biuni de luare de mit\u0103, \u00een perioada \u00een care avea calitatea de ministru al Dezvolt\u0103rii Regionale \u0219i Turismului (MDRT); ministrului Justi\u021biei, pentru a cere pre\u0219edintelui Camerei Deputa\u021bilor \u00eencuviin\u021barea arest\u0103rii preventive a deputatului Elena Udrea, pentru s\u0103v\u00e2r\u0219irea infrac\u021biunilor sus men\u021bionate&#8221;, se arat\u0103 \u00eentr-un comunicat al DNA transmis luni AGERPRES.<br \/>\nCererea este formulat\u0103 \u00een cauza \u00een care se efectueaz\u0103 acte de urm\u0103rire penal\u0103 \u00een leg\u0103tur\u0103 cu atribuirea \u0219i folosirea, presupus ilegale, a fondurilor din patrimoniul Ministerului Dezvolt\u0103rii Regionale \u0219i Turismului \u00een perioada 2010 \u2014 2012.\n<\/div>\n<p> Source URL: https:\/\/observatornews.ro\/politic\/cererile-dna-pe-numele-elenei-udrea-vor-fi-discutate-miercuri-in-comisia-juridica-145905.html<\/p>\n","protected":false},"excerpt":{"rendered":"<p>Potrivit pre\u0219edintelui Comisiei, Bogdan Ciuc\u0103, Elena Udrea a fost invitat\u0103 s\u0103 participe la \u0219edin\u021b\u0103 \u0219i s\u0103 \u00ee\u0219i spun\u0103 punctul de vedere cu privire la acuza\u021biile care i se aduc, dar nu se \u0219tie dac\u0103 aceasta va fi prezent\u0103 Potrivit pre\u0219edintelui Comisiei, Bogdan Ciuc\u0103, Elena Udrea a fost invitat\u0103 s\u0103 participe la \u0219edin\u021b\u0103 \u0219i s\u0103 \u00ee\u0219i [&hellip;]<\/p>\n","protected":false},"author":1,"featured_media":0,"comment_status":"open","ping_status":"","sticky":false,"template":"","format":"standard","meta":{"footnotes":""},"categories":[2],"tags":[30],"class_list":["post-383939","post","type-post","status-publish","format-standard","hentry","category-politics","tag-observatornews-ro"],"_links":{"self":[{"href":"https:\/\/analyse.optim.biz\/index.php?rest_route=\/wp\/v2\/posts\/383939","targetHints":{"allow":["GET"]}}],"collection":[{"href":"https:\/\/analyse.optim.biz\/index.php?rest_route=\/wp\/v2\/posts"}],"about":[{"href":"https:\/\/analyse.optim.biz\/index.php?rest_route=\/wp\/v2\/types\/post"}],"author":[{"embeddable":true,"href":"https:\/\/analyse.optim.biz\/index.php?rest_route=\/wp\/v2\/users\/1"}],"replies":[{"embeddable":true,"href":"https:\/\/analyse.optim.biz\/index.php?rest_route=%2Fwp%2Fv2%2Fcomments&post=383939"}],"version-history":[{"count":0,"href":"https:\/\/analyse.optim.biz\/index.php?rest_route=\/wp\/v2\/posts\/383939\/revisions"}],"wp:attachment":[{"href":"https:\/\/analyse.optim.biz\/index.php?rest_route=%2Fwp%2Fv2%2Fmedia&parent=383939"}],"wp:term":[{"taxonomy":"category","embeddable":true,"href":"https:\/\/analyse.optim.biz\/index.php?rest_route=%2Fwp%2Fv2%2Fcategories&post=383939"},{"taxonomy":"post_tag","embeddable":true,"href":"https:\/\/analyse.optim.biz\/index.php?rest_route=%2Fwp%2Fv2%2Ftags&post=383939"}],"curies":[{"name":"wp","href":"https:\/\/api.w.org\/{rel}","templated":true}]}}