{"id":383876,"date":"2015-02-19T17:27:26","date_gmt":"2015-02-19T14:27:26","guid":{"rendered":"https:\/\/analyse.optim.biz\/?p=383876"},"modified":"2015-02-19T17:27:26","modified_gmt":"2015-02-19T14:27:26","slug":"traian-basescu-nu-se-da-dus-de-acasa","status":"publish","type":"post","link":"https:\/\/analyse.optim.biz\/?p=383876","title":{"rendered":"Traian B\u0103sescu nu se d\u0103 dus de acas\u0103"},"content":{"rendered":"<div class=\"description\" data-key=\"description\">Ast\u0103zi este ultima zi \u00een care mai poate locui \u00een Vila Lac 3. Pentru c\u0103 orice pre\u015fedinte vine, dar mai \u015fi pleac\u0103 chiar \u015fi din re\u015fedin\u0163a preziden\u0163ial\u0103<\/div>\n<div class=\"articleBody\" data-key=\"articleBody\">Ast\u0103zi este ultima zi \u00een care mai poate locui \u00een Vila Lac 3. Pentru c\u0103 orice pre\u015fedinte vine, dar mai \u015fi pleac\u0103.chiar \u015fi din re\u015fedin\u0163a preziden\u0163ial\u0103<br \/>\nDoar c\u0103 a\u015fa cum ne-a obi\u015fnuit p\u00e2n\u0103 acum, Traian B\u0103sescu for\u0163eaz\u0103 tiparele \u015fi legea.<br \/>\nChiar dac\u0103 a visat la un adev\u0103rat domeniu regal, pe malul lacului Snagov, de peste 25 de hectare, Guvernul i-a atribuit lui Traian B\u0103sescu o cas\u0103 la doi pa\u015fi de cea \u00een care locuie\u015fte acum. Cu mult sub confortul \u00een care \u00eenc\u0103 mai st\u0103. Imobilul fostului pre\u015fedinte este \u00een strada Gogol \u015fi a fost locuit de Mioara Roman vreme de 25 de ani.<br \/>\nNici urm\u0103 de cutii, saco\u015fe \u015fi bagaje. La Vila Lac 3 e lini\u015fte, de\u015fi ast\u0103zi ar expira termenul legal de 60 de zile \u00een care fostul pre\u015fedinte trebuie s\u0103 elibereze re\u015fedin\u0163a pe care a avut-o \u00een perioada mandatului.<br \/>\nApropia\u0163i ai lui B\u0103sescu sus\u0163in c\u0103 termenul de eliberare a re\u015fedin\u0163ei se aplic\u0103 din momentul atribuirii noii case de protocol. Echipa Observator a insistat la RAAPPS pentru o clarificare, dar p\u00e2n\u0103 la aceast\u0103 or\u0103 nu am primit niciun r\u0103spuns.<\/div>\n<p> Source URL: https:\/\/observatornews.ro\/politic\/traian-basescu-nu-se-da-dus-de-acasa-146111.html<\/p>\n","protected":false},"excerpt":{"rendered":"<p>Ast\u0103zi este ultima zi \u00een care mai poate locui \u00een Vila Lac 3. Pentru c\u0103 orice pre\u015fedinte vine, dar mai \u015fi pleac\u0103 chiar \u015fi din re\u015fedin\u0163a preziden\u0163ial\u0103 Ast\u0103zi este ultima zi \u00een care mai poate locui \u00een Vila Lac 3. Pentru c\u0103 orice pre\u015fedinte vine, dar mai \u015fi pleac\u0103.chiar \u015fi din re\u015fedin\u0163a preziden\u0163ial\u0103 Doar c\u0103 [&hellip;]<\/p>\n","protected":false},"author":1,"featured_media":0,"comment_status":"open","ping_status":"","sticky":false,"template":"","format":"standard","meta":{"footnotes":""},"categories":[2],"tags":[30],"class_list":["post-383876","post","type-post","status-publish","format-standard","hentry","category-politics","tag-observatornews-ro"],"_links":{"self":[{"href":"https:\/\/analyse.optim.biz\/index.php?rest_route=\/wp\/v2\/posts\/383876","targetHints":{"allow":["GET"]}}],"collection":[{"href":"https:\/\/analyse.optim.biz\/index.php?rest_route=\/wp\/v2\/posts"}],"about":[{"href":"https:\/\/analyse.optim.biz\/index.php?rest_route=\/wp\/v2\/types\/post"}],"author":[{"embeddable":true,"href":"https:\/\/analyse.optim.biz\/index.php?rest_route=\/wp\/v2\/users\/1"}],"replies":[{"embeddable":true,"href":"https:\/\/analyse.optim.biz\/index.php?rest_route=%2Fwp%2Fv2%2Fcomments&post=383876"}],"version-history":[{"count":0,"href":"https:\/\/analyse.optim.biz\/index.php?rest_route=\/wp\/v2\/posts\/383876\/revisions"}],"wp:attachment":[{"href":"https:\/\/analyse.optim.biz\/index.php?rest_route=%2Fwp%2Fv2%2Fmedia&parent=383876"}],"wp:term":[{"taxonomy":"category","embeddable":true,"href":"https:\/\/analyse.optim.biz\/index.php?rest_route=%2Fwp%2Fv2%2Fcategories&post=383876"},{"taxonomy":"post_tag","embeddable":true,"href":"https:\/\/analyse.optim.biz\/index.php?rest_route=%2Fwp%2Fv2%2Ftags&post=383876"}],"curies":[{"name":"wp","href":"https:\/\/api.w.org\/{rel}","templated":true}]}}