{"id":383875,"date":"2015-02-20T15:26:00","date_gmt":"2015-02-20T12:26:00","guid":{"rendered":"https:\/\/analyse.optim.biz\/?p=383875"},"modified":"2015-02-20T15:26:00","modified_gmt":"2015-02-20T12:26:00","slug":"in-dosarul-referendumului-victor-ponta-va-fi-citat-ca-martor","status":"publish","type":"post","link":"https:\/\/analyse.optim.biz\/?p=383875","title":{"rendered":"\u00cen Dosarul Referendumului, Victor Ponta va fi citat ca martor"},"content":{"rendered":"<div class=\"description\" data-key=\"description\">Premierul Victor Ponta urmeaz\u0103 s\u0103 fie citat ca martor \u00een dosarul Referendumului, dup\u0103 ce instan\u0163a suprem\u0103 a admis cererea ap\u0103r\u0103rii lui Liviu Dragnea<\/div>\n<div class=\"articleBody\" data-key=\"articleBody\">Premierul Victor Ponta urmeaz\u0103 s\u0103 fie citat ca martor \u00een dosarul Referendumului, dup\u0103 ce instan\u0163a suprem\u0103 a admis cererea ap\u0103r\u0103rii lui Liviu Dragnea<br \/>\nDecizia a ap\u0103rut dup\u0103 ce avocatul lui Liviu Dragnea a cerut instan\u021bei supreme, la data de 5 februarie, audierea premierului Victor Ponta \u015fi a 18 coordonatori jude\u0163eni ai PSD care s-au ocupat de campania referendumului din 2012 ce avusese ca scop demiterea lui Traian B\u0103sescu din func\u021bia de \u0219ef al statului.<br \/>\nP\u00e2n\u0103 acum, instan\u0163a nu a hot\u0103r\u00e2t c\u00e2nd \u00eel va cita pe Victor Ponta.<\/div>\n<p> Source URL: https:\/\/observatornews.ro\/politic\/in-dosarul-referendumului-victor-ponta-va-fi-citat-ca-martor-146172.html<\/p>\n","protected":false},"excerpt":{"rendered":"<p>Premierul Victor Ponta urmeaz\u0103 s\u0103 fie citat ca martor \u00een dosarul Referendumului, dup\u0103 ce instan\u0163a suprem\u0103 a admis cererea ap\u0103r\u0103rii lui Liviu Dragnea Premierul Victor Ponta urmeaz\u0103 s\u0103 fie citat ca martor \u00een dosarul Referendumului, dup\u0103 ce instan\u0163a suprem\u0103 a admis cererea ap\u0103r\u0103rii lui Liviu Dragnea Decizia a ap\u0103rut dup\u0103 ce avocatul lui Liviu Dragnea [&hellip;]<\/p>\n","protected":false},"author":1,"featured_media":0,"comment_status":"open","ping_status":"","sticky":false,"template":"","format":"standard","meta":{"footnotes":""},"categories":[2],"tags":[30],"class_list":["post-383875","post","type-post","status-publish","format-standard","hentry","category-politics","tag-observatornews-ro"],"_links":{"self":[{"href":"https:\/\/analyse.optim.biz\/index.php?rest_route=\/wp\/v2\/posts\/383875","targetHints":{"allow":["GET"]}}],"collection":[{"href":"https:\/\/analyse.optim.biz\/index.php?rest_route=\/wp\/v2\/posts"}],"about":[{"href":"https:\/\/analyse.optim.biz\/index.php?rest_route=\/wp\/v2\/types\/post"}],"author":[{"embeddable":true,"href":"https:\/\/analyse.optim.biz\/index.php?rest_route=\/wp\/v2\/users\/1"}],"replies":[{"embeddable":true,"href":"https:\/\/analyse.optim.biz\/index.php?rest_route=%2Fwp%2Fv2%2Fcomments&post=383875"}],"version-history":[{"count":0,"href":"https:\/\/analyse.optim.biz\/index.php?rest_route=\/wp\/v2\/posts\/383875\/revisions"}],"wp:attachment":[{"href":"https:\/\/analyse.optim.biz\/index.php?rest_route=%2Fwp%2Fv2%2Fmedia&parent=383875"}],"wp:term":[{"taxonomy":"category","embeddable":true,"href":"https:\/\/analyse.optim.biz\/index.php?rest_route=%2Fwp%2Fv2%2Fcategories&post=383875"},{"taxonomy":"post_tag","embeddable":true,"href":"https:\/\/analyse.optim.biz\/index.php?rest_route=%2Fwp%2Fv2%2Ftags&post=383875"}],"curies":[{"name":"wp","href":"https:\/\/api.w.org\/{rel}","templated":true}]}}