{"id":383839,"date":"2015-02-23T10:39:00","date_gmt":"2015-02-23T07:39:00","guid":{"rendered":"https:\/\/analyse.optim.biz\/?p=383839"},"modified":"2015-02-23T10:39:00","modified_gmt":"2015-02-23T07:39:00","slug":"dorin-cocos-arestat-la-domiciliu","status":"publish","type":"post","link":"https:\/\/analyse.optim.biz\/?p=383839","title":{"rendered":"Dorin Coco\u0219, arestat la domiciliu"},"content":{"rendered":"<div class=\"description\" data-key=\"description\">Colaborarea lui Dorin Coco\u015f cu procurorii a fost suficient\u0103 pentru eliberarea lui din arest. A\u015fa se face c\u0103 fostul so\u0163 al Elenei Udrea va putea fi mutat \u00een arest la domiciliu, \u00eens\u0103 pentru moment nu poate p\u0103r\u0103si arestul preventiv.<\/div>\n<div class=\"articleBody\" data-key=\"articleBody\">Colaborarea lui Dorin Coco\u015f cu procurorii a fost suficient\u0103 pentru eliberarea lui din arest. A\u015fa se face c\u0103 fostul so\u0163 al Elenei Udrea va putea fi mutat \u00een arest la domiciliu, \u00eens\u0103 pentru moment nu poate p\u0103r\u0103si arestul preventiv.\u00a0<br \/>\n\u00cen cazul primarului din Piatra Neam\u0163, Gheorghe \u015etefan, care a fost audiat vineri la DNA, procurorii au cerut men\u0163inerea arestului preventiv, cu toate c\u0103 acesta invoc\u0103 grave probleme de s\u0103n\u0103tate. <\/div>\n<p> Source URL: https:\/\/observatornews.ro\/politic\/dorin-coco-arestat-la-domiciliu-146339.html<\/p>\n","protected":false},"excerpt":{"rendered":"<p>Colaborarea lui Dorin Coco\u015f cu procurorii a fost suficient\u0103 pentru eliberarea lui din arest. A\u015fa se face c\u0103 fostul so\u0163 al Elenei Udrea va putea fi mutat \u00een arest la domiciliu, \u00eens\u0103 pentru moment nu poate p\u0103r\u0103si arestul preventiv. Colaborarea lui Dorin Coco\u015f cu procurorii a fost suficient\u0103 pentru eliberarea lui din arest. A\u015fa se [&hellip;]<\/p>\n","protected":false},"author":1,"featured_media":383840,"comment_status":"open","ping_status":"","sticky":false,"template":"","format":"standard","meta":{"footnotes":""},"categories":[2],"tags":[30],"class_list":["post-383839","post","type-post","status-publish","format-standard","has-post-thumbnail","hentry","category-politics","tag-observatornews-ro"],"_links":{"self":[{"href":"https:\/\/analyse.optim.biz\/index.php?rest_route=\/wp\/v2\/posts\/383839","targetHints":{"allow":["GET"]}}],"collection":[{"href":"https:\/\/analyse.optim.biz\/index.php?rest_route=\/wp\/v2\/posts"}],"about":[{"href":"https:\/\/analyse.optim.biz\/index.php?rest_route=\/wp\/v2\/types\/post"}],"author":[{"embeddable":true,"href":"https:\/\/analyse.optim.biz\/index.php?rest_route=\/wp\/v2\/users\/1"}],"replies":[{"embeddable":true,"href":"https:\/\/analyse.optim.biz\/index.php?rest_route=%2Fwp%2Fv2%2Fcomments&post=383839"}],"version-history":[{"count":0,"href":"https:\/\/analyse.optim.biz\/index.php?rest_route=\/wp\/v2\/posts\/383839\/revisions"}],"wp:featuredmedia":[{"embeddable":true,"href":"https:\/\/analyse.optim.biz\/index.php?rest_route=\/wp\/v2\/media\/383840"}],"wp:attachment":[{"href":"https:\/\/analyse.optim.biz\/index.php?rest_route=%2Fwp%2Fv2%2Fmedia&parent=383839"}],"wp:term":[{"taxonomy":"category","embeddable":true,"href":"https:\/\/analyse.optim.biz\/index.php?rest_route=%2Fwp%2Fv2%2Fcategories&post=383839"},{"taxonomy":"post_tag","embeddable":true,"href":"https:\/\/analyse.optim.biz\/index.php?rest_route=%2Fwp%2Fv2%2Ftags&post=383839"}],"curies":[{"name":"wp","href":"https:\/\/api.w.org\/{rel}","templated":true}]}}