{"id":383837,"date":"2015-02-23T12:41:00","date_gmt":"2015-02-23T09:41:00","guid":{"rendered":"https:\/\/analyse.optim.biz\/?p=383837"},"modified":"2015-02-23T12:41:00","modified_gmt":"2015-02-23T09:41:00","slug":"hellvig-va-fi-audiat-marti-de-comisia-parlamentara-de-control-a-sri","status":"publish","type":"post","link":"https:\/\/analyse.optim.biz\/?p=383837","title":{"rendered":"Hellvig va fi audiat mar\u021bi de Comisia parlamentar\u0103 de control a SRI"},"content":{"rendered":"<div class=\"description\" data-key=\"description\">Eduard Hellvig, propus de pre\u0219edintele Klaus Iohannis pentru func\u021bia de director al SRI, va fi audiat mar\u021bi la ora 10,00 de Comisia parlamentar\u0103 comun\u0103 pentru controlul Serviciului Rom\u00e2n de Informa\u021bii (SRI)<\/div>\n<div class=\"articleBody\" data-key=\"articleBody\">Eduard Hellvig, propus de pre\u0219edintele Klaus Iohannis pentru func\u021bia de director al SRI, va fi audiat mar\u021bi la ora 10,00 de Comisia parlamentar\u0103 comun\u0103 pentru controlul Serviciului Rom\u00e2n de Informa\u021bii (SRI).\u00a0<br \/>\n&#8220;Birourile permanente reunite, consult\u00e2ndu-se cu reprezentan\u021bii comisiei pentru controlul SRI de la nivelul Parlamentului au stabilit c\u0103 mar\u021bi la ora 10,00 va avea loc audierea domnului Eduard Hellvig pentru func\u021bia de director al SRI. Miercuri la ora 13,00, Birourile permanente reunite vor lua \u00een discu\u021bie dup\u0103 ce vor primi raportul comisiei SRI convocarea celor dou\u0103 Camere pentru vot&#8221;, a anun\u021bat luni vicepre\u0219edintele Senatului Cristian Dumitrescu, la finalul Birourilor reunite.<br \/>\nEuroparlamentarul PNL Eduard Hellvig a fost propus, joi, de pre\u0219edintele Klaus Iohannis pentru postul de director al Serviciului Rom\u00e2n de Informa\u021bii.<\/div>\n<p> Source URL: https:\/\/observatornews.ro\/politic\/hellvig-va-fi-audiat-mari-de-comisia-parlamentara-de-control-a-sri-146350.html<\/p>\n","protected":false},"excerpt":{"rendered":"<p>Eduard Hellvig, propus de pre\u0219edintele Klaus Iohannis pentru func\u021bia de director al SRI, va fi audiat mar\u021bi la ora 10,00 de Comisia parlamentar\u0103 comun\u0103 pentru controlul Serviciului Rom\u00e2n de Informa\u021bii (SRI) Eduard Hellvig, propus de pre\u0219edintele Klaus Iohannis pentru func\u021bia de director al SRI, va fi audiat mar\u021bi la ora 10,00 de Comisia parlamentar\u0103 comun\u0103 [&hellip;]<\/p>\n","protected":false},"author":1,"featured_media":383838,"comment_status":"open","ping_status":"","sticky":false,"template":"","format":"standard","meta":{"footnotes":""},"categories":[2],"tags":[30],"class_list":["post-383837","post","type-post","status-publish","format-standard","has-post-thumbnail","hentry","category-politics","tag-observatornews-ro"],"_links":{"self":[{"href":"https:\/\/analyse.optim.biz\/index.php?rest_route=\/wp\/v2\/posts\/383837","targetHints":{"allow":["GET"]}}],"collection":[{"href":"https:\/\/analyse.optim.biz\/index.php?rest_route=\/wp\/v2\/posts"}],"about":[{"href":"https:\/\/analyse.optim.biz\/index.php?rest_route=\/wp\/v2\/types\/post"}],"author":[{"embeddable":true,"href":"https:\/\/analyse.optim.biz\/index.php?rest_route=\/wp\/v2\/users\/1"}],"replies":[{"embeddable":true,"href":"https:\/\/analyse.optim.biz\/index.php?rest_route=%2Fwp%2Fv2%2Fcomments&post=383837"}],"version-history":[{"count":0,"href":"https:\/\/analyse.optim.biz\/index.php?rest_route=\/wp\/v2\/posts\/383837\/revisions"}],"wp:featuredmedia":[{"embeddable":true,"href":"https:\/\/analyse.optim.biz\/index.php?rest_route=\/wp\/v2\/media\/383838"}],"wp:attachment":[{"href":"https:\/\/analyse.optim.biz\/index.php?rest_route=%2Fwp%2Fv2%2Fmedia&parent=383837"}],"wp:term":[{"taxonomy":"category","embeddable":true,"href":"https:\/\/analyse.optim.biz\/index.php?rest_route=%2Fwp%2Fv2%2Fcategories&post=383837"},{"taxonomy":"post_tag","embeddable":true,"href":"https:\/\/analyse.optim.biz\/index.php?rest_route=%2Fwp%2Fv2%2Ftags&post=383837"}],"curies":[{"name":"wp","href":"https:\/\/api.w.org\/{rel}","templated":true}]}}