{"id":383835,"date":"2015-02-23T14:04:00","date_gmt":"2015-02-23T11:04:00","guid":{"rendered":"https:\/\/analyse.optim.biz\/?p=383835"},"modified":"2015-02-23T14:04:00","modified_gmt":"2015-02-23T11:04:00","slug":"elena-udrea-poate-fi-arestata-din-nou-170-voturi-pentru-si-118-impotriva","status":"publish","type":"post","link":"https:\/\/analyse.optim.biz\/?p=383835","title":{"rendered":"Elena Udrea poate fi ARESTAT\u0102 din nou! 170 voturi &#8220;pentru&#8221; \u015fi 118 &#8220;\u00eempotriva&#8221;"},"content":{"rendered":"<div class=\"description\" data-key=\"description\">Elena Udrea poate fi ARESTAT\u0102 din nou. Deputa\u0163ii au votat \u00een favoarea cererii de \u00eencuviin\u0163are a arestului preventiv \u00een cazul acesteia<\/div>\n<div class=\"articleBody\" data-key=\"articleBody\">\nDeputatul Elena Udrea a ajuns luni la Parlament, unde urmeaz\u0103 s\u0103 fie dezb\u0103tute \u0219i votate cele dou\u0103 cereri ale DNA de \u00eencepere a urm\u0103ririi penale \u0219i arestare preventiv\u0103 \u00een cazul s\u0103u pentru s\u0103v\u00e2r\u0219irea de noi infrac\u021biuni \u00een dosarul &#8220;Gala Bute&#8221;<br \/>\n18: 20 Elena Udrea poate fi ARESTAT\u0102 din nou. Deputa\u0163ii au votat \u00een favoarea cererii de \u00eencuviin\u0163are a arestului preventiv \u00een cazul acesteia<br \/>\n170 au votat &#8220;pentru&#8221; \u015fi 118 &#8220;\u00eempotriv\u0103&#8221;.<br \/>\nUPDATE 17: 40 Cererea DNA privind \u00eenceperea urm\u0103ririi penale a deputatului Elena Udrea \u00een dosarul Gala Bute, \u00een care este acuzat\u0103 de noi infrac\u021biuni, a fost aprobat\u0103 luni de Camera Deputa\u021bilor, cu 218 voturi &#8221;pentru&#8221; \u0219i 76 &#8221;\u00eempotriv\u0103&#8217;.<br \/>\nUPDATE 16:30 \u00cen sal\u0103 sunt prezen\u021bi 204 deputa\u021bi.<br \/>\nLa \u0219edin\u021b\u0103 particip\u0103 \u0219i Elena Udrea, care-\u0219i va sus\u021bine punctul de vedere referitor la acuza\u021biile care i se aduc de c\u0103tre procurorii anticorup\u021bie. Aceasta se afl\u0103 din 17 februarie \u00een arest la domiciliu, m\u0103sur\u0103 luat\u0103 \u00een dosarul Microsoft, \u00eens\u0103 \u00ceCCJ i-a admis cererea de a lua parte la \u0219edin\u021ba de luni a plenului Camerei.<br \/>\n\u00centrebat\u0103 de jurnali\u0219ti dac\u0103 are emo\u021bii cu privire la votul de azi, Elena Udrea a spus: &#8220;Dup\u0103 experien\u021ba de data trecut\u0103, ce emo\u021bii pot s\u0103 mai am?'&#8221;.<br \/>\nElena Udrea a precizat c\u0103 \u00een declara\u021bia pe care o va sus\u021bine \u00een plen le va spune parlamentarilor &#8220;lucruri pe care ei deja le \u0219tiu, dar lucruri de care se tem&#8221;.\n<\/div>\n<p> Source URL: https:\/\/observatornews.ro\/politic\/udrea-in-parlament-le-voi-spune-colegilor-lucruri-de-care-se-tem-146354.html<\/p>\n","protected":false},"excerpt":{"rendered":"<p>Elena Udrea poate fi ARESTAT\u0102 din nou. Deputa\u0163ii au votat \u00een favoarea cererii de \u00eencuviin\u0163are a arestului preventiv \u00een cazul acesteia Deputatul Elena Udrea a ajuns luni la Parlament, unde urmeaz\u0103 s\u0103 fie dezb\u0103tute \u0219i votate cele dou\u0103 cereri ale DNA de \u00eencepere a urm\u0103ririi penale \u0219i arestare preventiv\u0103 \u00een cazul s\u0103u pentru s\u0103v\u00e2r\u0219irea de [&hellip;]<\/p>\n","protected":false},"author":1,"featured_media":383836,"comment_status":"open","ping_status":"","sticky":false,"template":"","format":"standard","meta":{"footnotes":""},"categories":[2],"tags":[30],"class_list":["post-383835","post","type-post","status-publish","format-standard","has-post-thumbnail","hentry","category-politics","tag-observatornews-ro"],"_links":{"self":[{"href":"https:\/\/analyse.optim.biz\/index.php?rest_route=\/wp\/v2\/posts\/383835","targetHints":{"allow":["GET"]}}],"collection":[{"href":"https:\/\/analyse.optim.biz\/index.php?rest_route=\/wp\/v2\/posts"}],"about":[{"href":"https:\/\/analyse.optim.biz\/index.php?rest_route=\/wp\/v2\/types\/post"}],"author":[{"embeddable":true,"href":"https:\/\/analyse.optim.biz\/index.php?rest_route=\/wp\/v2\/users\/1"}],"replies":[{"embeddable":true,"href":"https:\/\/analyse.optim.biz\/index.php?rest_route=%2Fwp%2Fv2%2Fcomments&post=383835"}],"version-history":[{"count":0,"href":"https:\/\/analyse.optim.biz\/index.php?rest_route=\/wp\/v2\/posts\/383835\/revisions"}],"wp:featuredmedia":[{"embeddable":true,"href":"https:\/\/analyse.optim.biz\/index.php?rest_route=\/wp\/v2\/media\/383836"}],"wp:attachment":[{"href":"https:\/\/analyse.optim.biz\/index.php?rest_route=%2Fwp%2Fv2%2Fmedia&parent=383835"}],"wp:term":[{"taxonomy":"category","embeddable":true,"href":"https:\/\/analyse.optim.biz\/index.php?rest_route=%2Fwp%2Fv2%2Fcategories&post=383835"},{"taxonomy":"post_tag","embeddable":true,"href":"https:\/\/analyse.optim.biz\/index.php?rest_route=%2Fwp%2Fv2%2Ftags&post=383835"}],"curies":[{"name":"wp","href":"https:\/\/api.w.org\/{rel}","templated":true}]}}