{"id":383780,"date":"2015-02-23T15:07:00","date_gmt":"2015-02-23T12:07:00","guid":{"rendered":"https:\/\/analyse.optim.biz\/?p=383780"},"modified":"2015-02-23T15:07:00","modified_gmt":"2015-02-23T12:07:00","slug":"udrea-in-parlament-am-fost-verificata-la-sange-si-dezbracata","status":"publish","type":"post","link":"https:\/\/analyse.optim.biz\/?p=383780","title":{"rendered":"Udrea, \u00een Parlament: &#8220;Am fost verificat\u0103 la s\u00e2nge \u015fi dezbr\u0103cat\u0103&#8221;"},"content":{"rendered":"<div class=\"description\" data-key=\"description\">Elena Udrea a plecat din plenul Camerei Deputa\u0163ilor. Reamintim, Elena Udrea nu poate p\u0103r\u0103si arestul la domiciliu pentru mai mult de patru ore. La ora 19.00 ea trebuie s\u0103 fie deja acas\u0103<\/div>\n<div class=\"articleBody\" data-key=\"articleBody\">Elena Udrea a plecat din plenul Camerei Deputa\u0163ilor. Reamintim, Elena Udrea nu poate p\u0103r\u0103si arestul la domiciliu pentru mai mult de patru ore. La ora 19.00 ea trebuie s\u0103 fie deja acas\u0103<\/p>\n<p>Declara\u0163iile f\u0103cute de Elena Udrea \u00een plenul Parlamentului:<br \/>\n&#8211; \u00cen arestul Poli\u0163iei Capitalei, am fost verificat\u0103 la s\u00e2nge \u015fi dezbr\u0103cat\u0103. Am fost nevoit\u0103 s\u0103 pun un pet pe post de capac la toalet\u0103 pentru a opri \u015fobolanii<br \/>\n&#8211; A\u0163i aprobat \u015fase cereri \u00eempotriva mea, dintre care trei de arestare. Pe toate sub marota: &#8220;Noi nu ne opunem justi\u0163iei&#8221;. Am fost de acord, mereu \u015fi am spus-o \u015fi atunci c\u0103 justi\u0163ia trebuie s\u0103 func\u0163ioneze \u00een cazul tuturor (..) dar pentru aceast\u0103 era suficient s\u0103 da\u0163i aviz doar cererilor de urm\u0103rire penal\u0103, pentru c\u0103 anchet\u0103 s\u0103 se poat\u0103 derula \u015fi \u00een ceea ce m\u0103 prive\u015fte.<br \/>\n&#8211; Nu a contat c\u0103 era evident c\u0103 eram \u0163inta unei ac\u0163iuni precise, \u00een care secrete trebuiau p\u0103strate prin folosirea c\u0103tu\u015felor \u00eempotriva mea<br \/>\n&#8211; Celor mai mul\u0163i dintre dumneavoastr\u0103 le-a fost team\u0103, teama de cei cu care m\u0103 lupt \u015fi care m\u00e2ine, ar putea s\u0103 v\u0103 fac\u0103 oric\u0103ruia dintre dumneavoastr\u0103 la fel, dac\u0103 \u00eendr\u0103zni\u0163i s\u0103 vorbi\u0163i sau \u00eendr\u0103zni\u0163i s\u0103 v\u0103 opune\u0163i<br \/>\n&#8211; Nu exist\u0103 nimeni \u00een aceast\u0103 \u0163ar\u0103 care s\u0103 poat\u0103 spune vreodat\u0103 c\u0103 eu, Elena Udrea, am cerut cuiva s\u0103 procedeze altfel dec\u00e2t cere legea, dec\u00e2t permite legea.<br \/>\n&#8211; C\u00e2nd ve\u021bi pune, ast\u0103zi, bilele \u00een urn\u0103, vreau s\u0103 v\u0103 g\u00e2ndi\u021bi c\u0103 tot ceea ce se \u00eent\u00e2mpl\u0103 constituie un precedent extrem de periculos<br \/>\n&#8211; Nu m\u0103 voi da nici cu mir, nu voi citi nici acatiste, nu voi spune nici rug\u0103ciuni, n-ar fi corect nici fa\u0163\u0103 de mine, nici fa\u0163\u0103 de dumneavoastr\u0103, \u015fi nici fa\u0163\u0103 de rom\u00e2nii care ne privesc<br \/>\n&#8211; L\u0103sa\u021bi la o parte stereotipurile \u0219i presiunile de orice fel, s\u0103 r\u0103spunde\u021bi unei singure \u00eentreb\u0103ri: Este, \u00eentr-adev\u0103r, spre binele Rom\u00e2niei ce se \u00eent\u00e2mpl\u0103?\n<\/p><\/div>\n<p> Source URL: https:\/\/observatornews.ro\/politic\/udrea-in-parlament-am-fost-verificata-la-sange-si-dezbracata-146371.html<\/p>\n","protected":false},"excerpt":{"rendered":"<p>Elena Udrea a plecat din plenul Camerei Deputa\u0163ilor. Reamintim, Elena Udrea nu poate p\u0103r\u0103si arestul la domiciliu pentru mai mult de patru ore. La ora 19.00 ea trebuie s\u0103 fie deja acas\u0103 Elena Udrea a plecat din plenul Camerei Deputa\u0163ilor. Reamintim, Elena Udrea nu poate p\u0103r\u0103si arestul la domiciliu pentru mai mult de patru ore. [&hellip;]<\/p>\n","protected":false},"author":1,"featured_media":0,"comment_status":"open","ping_status":"","sticky":false,"template":"","format":"standard","meta":{"footnotes":""},"categories":[2],"tags":[30],"class_list":["post-383780","post","type-post","status-publish","format-standard","hentry","category-politics","tag-observatornews-ro"],"_links":{"self":[{"href":"https:\/\/analyse.optim.biz\/index.php?rest_route=\/wp\/v2\/posts\/383780","targetHints":{"allow":["GET"]}}],"collection":[{"href":"https:\/\/analyse.optim.biz\/index.php?rest_route=\/wp\/v2\/posts"}],"about":[{"href":"https:\/\/analyse.optim.biz\/index.php?rest_route=\/wp\/v2\/types\/post"}],"author":[{"embeddable":true,"href":"https:\/\/analyse.optim.biz\/index.php?rest_route=\/wp\/v2\/users\/1"}],"replies":[{"embeddable":true,"href":"https:\/\/analyse.optim.biz\/index.php?rest_route=%2Fwp%2Fv2%2Fcomments&post=383780"}],"version-history":[{"count":0,"href":"https:\/\/analyse.optim.biz\/index.php?rest_route=\/wp\/v2\/posts\/383780\/revisions"}],"wp:attachment":[{"href":"https:\/\/analyse.optim.biz\/index.php?rest_route=%2Fwp%2Fv2%2Fmedia&parent=383780"}],"wp:term":[{"taxonomy":"category","embeddable":true,"href":"https:\/\/analyse.optim.biz\/index.php?rest_route=%2Fwp%2Fv2%2Fcategories&post=383780"},{"taxonomy":"post_tag","embeddable":true,"href":"https:\/\/analyse.optim.biz\/index.php?rest_route=%2Fwp%2Fv2%2Ftags&post=383780"}],"curies":[{"name":"wp","href":"https:\/\/api.w.org\/{rel}","templated":true}]}}