{"id":383778,"date":"2015-02-24T06:55:00","date_gmt":"2015-02-24T03:55:00","guid":{"rendered":"https:\/\/analyse.optim.biz\/?p=383778"},"modified":"2015-02-24T06:55:00","modified_gmt":"2015-02-24T03:55:00","slug":"istoria-se-repeta-udrea-la-dna","status":"publish","type":"post","link":"https:\/\/analyse.optim.biz\/?p=383778","title":{"rendered":"Istoria se repet\u0103. Udrea, la DNA!"},"content":{"rendered":"<div class=\"description\" data-key=\"description\">Fostul ministru al Dezvolt\u0103rii Elena Udrea s-a prezentat mar\u021bi la Direc\u021bia Na\u021bional\u0103 Anticorup\u021bie, dup\u0103 ce Parlamentul a aprobat cererea privind \u00eenceperea urm\u0103ririi penale \u0219i arestarea preventiv\u0103 \u00een cazul s\u0103u \u00een dosarul &#8221;Gala Bute&#8221;.<\/div>\n<div class=\"articleBody\" data-key=\"articleBody\">Fostul ministru al Dezvolt\u0103rii Elena Udrea s-a prezentat mar\u021bi la Direc\u021bia Na\u021bional\u0103 Anticorup\u021bie, dup\u0103 ce Parlamentul a aprobat cererea privind \u00eenceperea urm\u0103ririi penale \u0219i arestarea preventiv\u0103 \u00een cazul s\u0103u \u00een dosarul &#8221;Gala Bute&#8221;.\u00a0<br \/>\n\u00cent\u00e2mpinat\u0103 de o armat\u0103 de jurnali\u015fti la intrarea \u00een sediul DNA, Elena Udrea a r\u0103mas cu z\u00e2mbetul pe buze, parc\u0103 amuzat\u0103 de evenimentele care se desf\u0103\u015foar\u0103 \u00eenaintea ei. La intrarea \u00een sediu, Elena Udrea a declarat: &#8220;Este o telenovel\u0103 f\u0103r\u0103 sf\u00e2r\u015fit&#8221;, apoi a urcat treptele \u00een cl\u0103direa DNA.<\/div>\n<p> Source URL: https:\/\/observatornews.ro\/politic\/istoria-se-repeta-udrea-la-dna-146413.html<\/p>\n","protected":false},"excerpt":{"rendered":"<p>Fostul ministru al Dezvolt\u0103rii Elena Udrea s-a prezentat mar\u021bi la Direc\u021bia Na\u021bional\u0103 Anticorup\u021bie, dup\u0103 ce Parlamentul a aprobat cererea privind \u00eenceperea urm\u0103ririi penale \u0219i arestarea preventiv\u0103 \u00een cazul s\u0103u \u00een dosarul &#8221;Gala Bute&#8221;. Fostul ministru al Dezvolt\u0103rii Elena Udrea s-a prezentat mar\u021bi la Direc\u021bia Na\u021bional\u0103 Anticorup\u021bie, dup\u0103 ce Parlamentul a aprobat cererea privind \u00eenceperea urm\u0103ririi [&hellip;]<\/p>\n","protected":false},"author":1,"featured_media":0,"comment_status":"open","ping_status":"","sticky":false,"template":"","format":"standard","meta":{"footnotes":""},"categories":[2],"tags":[30],"class_list":["post-383778","post","type-post","status-publish","format-standard","hentry","category-politics","tag-observatornews-ro"],"_links":{"self":[{"href":"https:\/\/analyse.optim.biz\/index.php?rest_route=\/wp\/v2\/posts\/383778","targetHints":{"allow":["GET"]}}],"collection":[{"href":"https:\/\/analyse.optim.biz\/index.php?rest_route=\/wp\/v2\/posts"}],"about":[{"href":"https:\/\/analyse.optim.biz\/index.php?rest_route=\/wp\/v2\/types\/post"}],"author":[{"embeddable":true,"href":"https:\/\/analyse.optim.biz\/index.php?rest_route=\/wp\/v2\/users\/1"}],"replies":[{"embeddable":true,"href":"https:\/\/analyse.optim.biz\/index.php?rest_route=%2Fwp%2Fv2%2Fcomments&post=383778"}],"version-history":[{"count":0,"href":"https:\/\/analyse.optim.biz\/index.php?rest_route=\/wp\/v2\/posts\/383778\/revisions"}],"wp:attachment":[{"href":"https:\/\/analyse.optim.biz\/index.php?rest_route=%2Fwp%2Fv2%2Fmedia&parent=383778"}],"wp:term":[{"taxonomy":"category","embeddable":true,"href":"https:\/\/analyse.optim.biz\/index.php?rest_route=%2Fwp%2Fv2%2Fcategories&post=383778"},{"taxonomy":"post_tag","embeddable":true,"href":"https:\/\/analyse.optim.biz\/index.php?rest_route=%2Fwp%2Fv2%2Ftags&post=383778"}],"curies":[{"name":"wp","href":"https:\/\/api.w.org\/{rel}","templated":true}]}}