{"id":383776,"date":"2015-02-24T14:04:00","date_gmt":"2015-02-24T11:04:00","guid":{"rendered":"https:\/\/analyse.optim.biz\/?p=383776"},"modified":"2015-02-24T14:04:00","modified_gmt":"2015-02-24T11:04:00","slug":"cererea-dna-de-arestare-a-elenei-udrea-se-judeca-miercuri","status":"publish","type":"post","link":"https:\/\/analyse.optim.biz\/?p=383776","title":{"rendered":"Cererea DNA de arestare a Elenei Udrea se judec\u0103 miercuri"},"content":{"rendered":"<div class=\"description\" data-key=\"description\">\u00cenalta Curte de Casa\u021bie \u0219i Justi\u021bie a stabilit pentru miercuri, ora 8,00, termenul pentru judecarea cererii DNA de arestare preventiv\u0103 a fostului ministru al Dezvolt\u0103rii Elena Udrea, acuzat\u0103 de luare de mit\u0103 \u00een dosarul &#8220;Gala Bute&#8221;<\/div>\n<div class=\"articleBody\" data-key=\"articleBody\">\u00cenalta Curte de Casa\u021bie \u0219i Justi\u021bie a stabilit pentru miercuri, ora 8,00, termenul pentru judecarea cererii DNA de arestare preventiv\u0103 a fostului ministru al Dezvolt\u0103rii Elena Udrea, acuzat\u0103 de luare de mit\u0103 \u00een dosarul &#8220;Gala Bute&#8221;<br \/>\nCererea DNA privind \u00eencuviin\u021barea \u00eenceperii urm\u0103ririi penale \u00een dosarul &#8221;Gala Bute&#8221;, \u00een care Elena Udrea este acuzat\u0103 de trei infrac\u021biuni de luare de mit\u0103, a fost aprobat\u0103 luni de Plenul Camerei Deputa\u021bilor cu 218 voturi &#8221;pentru&#8221; \u0219i 76 &#8221;\u00eempotriv\u0103&#8221;.<br \/>\n\u0218i solicitarea DNA de arestare preventiv\u0103 a Elenei Udrea \u00een acela\u0219i caz a fost aprobat\u0103 de deputa\u021bi cu 170 de voturi &#8221;pentru&#8221; \u0219i 118 &#8221;\u00eempotriv\u0103&#8221;.<\/div>\n<p> Source URL: https:\/\/observatornews.ro\/politic\/cererea-dna-de-arestare-a-elenei-udrea-se-judeca-miercuri-146447.html<\/p>\n","protected":false},"excerpt":{"rendered":"<p>\u00cenalta Curte de Casa\u021bie \u0219i Justi\u021bie a stabilit pentru miercuri, ora 8,00, termenul pentru judecarea cererii DNA de arestare preventiv\u0103 a fostului ministru al Dezvolt\u0103rii Elena Udrea, acuzat\u0103 de luare de mit\u0103 \u00een dosarul &#8220;Gala Bute&#8221; \u00cenalta Curte de Casa\u021bie \u0219i Justi\u021bie a stabilit pentru miercuri, ora 8,00, termenul pentru judecarea cererii DNA de arestare [&hellip;]<\/p>\n","protected":false},"author":1,"featured_media":383777,"comment_status":"open","ping_status":"","sticky":false,"template":"","format":"standard","meta":{"footnotes":""},"categories":[2],"tags":[30],"class_list":["post-383776","post","type-post","status-publish","format-standard","has-post-thumbnail","hentry","category-politics","tag-observatornews-ro"],"_links":{"self":[{"href":"https:\/\/analyse.optim.biz\/index.php?rest_route=\/wp\/v2\/posts\/383776","targetHints":{"allow":["GET"]}}],"collection":[{"href":"https:\/\/analyse.optim.biz\/index.php?rest_route=\/wp\/v2\/posts"}],"about":[{"href":"https:\/\/analyse.optim.biz\/index.php?rest_route=\/wp\/v2\/types\/post"}],"author":[{"embeddable":true,"href":"https:\/\/analyse.optim.biz\/index.php?rest_route=\/wp\/v2\/users\/1"}],"replies":[{"embeddable":true,"href":"https:\/\/analyse.optim.biz\/index.php?rest_route=%2Fwp%2Fv2%2Fcomments&post=383776"}],"version-history":[{"count":0,"href":"https:\/\/analyse.optim.biz\/index.php?rest_route=\/wp\/v2\/posts\/383776\/revisions"}],"wp:featuredmedia":[{"embeddable":true,"href":"https:\/\/analyse.optim.biz\/index.php?rest_route=\/wp\/v2\/media\/383777"}],"wp:attachment":[{"href":"https:\/\/analyse.optim.biz\/index.php?rest_route=%2Fwp%2Fv2%2Fmedia&parent=383776"}],"wp:term":[{"taxonomy":"category","embeddable":true,"href":"https:\/\/analyse.optim.biz\/index.php?rest_route=%2Fwp%2Fv2%2Fcategories&post=383776"},{"taxonomy":"post_tag","embeddable":true,"href":"https:\/\/analyse.optim.biz\/index.php?rest_route=%2Fwp%2Fv2%2Ftags&post=383776"}],"curies":[{"name":"wp","href":"https:\/\/api.w.org\/{rel}","templated":true}]}}