{"id":383774,"date":"2015-02-24T14:17:00","date_gmt":"2015-02-24T11:17:00","guid":{"rendered":"https:\/\/analyse.optim.biz\/?p=383774"},"modified":"2015-02-24T14:17:00","modified_gmt":"2015-02-24T11:17:00","slug":"nicusor-constantinescu-suspendat-de-prefect-din-functia-de-presedinte-al-consiliului-judetean-constanta","status":"publish","type":"post","link":"https:\/\/analyse.optim.biz\/?p=383774","title":{"rendered":"Nicu\u0219or Constantinescu, suspendat de prefect din func\u021bia de pre\u0219edinte al Consiliului Jude\u021bean Constan\u021ba"},"content":{"rendered":"<div class=\"description\" data-key=\"description\">Nicu\u0219or Constantinescu a fost suspendat din func\u021bia de pre\u0219edinte al Consiliului Jude\u021bean (CJ) Constan\u021ba, printr-un ordin emis, mar\u021bi, de prefectul jude\u021bului<\/div>\n<div class=\"articleBody\" data-key=\"articleBody\">\nNicu\u0219or Constantinescu a fost suspendat din func\u021bia de pre\u0219edinte al Consiliului Jude\u021bean (CJ) Constan\u021ba, printr-un ordin emis, mar\u021bi, de prefectul jude\u021bului<\/p>\n<p>Suspendarea din func\u021bie este valabil\u0103 p\u00e2n\u0103 la \u00eencetarea m\u0103surii arest\u0103rii preventive a lui Constantinescu.<br \/>\n&#8220;Av\u00e2nd \u00een vedere comunicarea Tribunalul Constanta, Sec\u021bia Penal\u0103, (&#8230;) \u00eenregistrat\u0103 la Institu\u021bia Prefectului \u2014 Jude\u021bul Constan\u021ba cu nr. 2000\/23.02.2015, prin care s-a dispus arestarea preventiv\u0103 pentru o durat\u0103 de 30 de zile a domnului Constantinescu Nicu\u0219or Daniel, ast\u0103zi 24.02.2015, prefectul jude\u021bului Constan\u021ba, Constantin Ion, \u00een conformitate cu prevederile art. 102 coroborat cu art. 71 din Legea administra\u021biei publice locale nr. 215\/2001, (&#8230;) \u00een temeiul prevederilor art. 26 alin. (1) din Legea nr. 340\/2004 privind Prefectul \u0219i Institu\u021bia Prefectului, republicat\u0103, a emis ordinul nr. 91\/24.02.2015, prin care se constat\u0103 suspendarea de drept a mandatului pre\u0219edintelui Consiliului Jude\u021bean Constan\u021ba, Constantinescu Nicu\u0219or Daniel, p\u00e2n\u0103 la \u00eencetarea m\u0103surii arest\u0103rii preventive&#8221;, potrivit unui comunicat remis de Prefectura Constan\u021ba.<br \/>\nConform acestuia, compartimentul privind controlul legalit\u0103\u021bii actelor \u0219i contencios administrativ va comunica ordinul lui Nicu\u0219or Constantinescu, Consiliului Jude\u021bean Constan\u021ba \u0219i secretarului jude\u021bului.<br \/>\n&#8220;Prezentul ordin poate fi atacat \u00een fa\u021ba instan\u021bei de contencios administrativ \u00een termenele \u0219i condi\u021biile Legii contenciosului administrativ nr. 554\/2004, cu modific\u0103rile \u0219i complet\u0103rile ulterioare&#8221;, au men\u021bionat reprezentan\u021bii prefecturii, potrivit Agerpres.<br \/>\nOrdinul prefectului a fost emis \u00een timp ce Nicu\u0219or Constantinescu se afl\u0103 la Curtea de Apel Constan\u021ba, unde se judec\u0103 contesta\u021bia formulat\u0103 de acesta \u00eempotriva m\u0103surii arest\u0103rii preventive.<br \/>\nPe 20 februarie, magistra\u021bii Tribunalului Constan\u021ba au dispus arestarea preventiv\u0103 pentru 30 de zile a pre\u0219edintelui CJ Constan\u021ba, Nicu\u0219or Constantinescu, la solicitarea DNA \u2014 serviciul teritorial Constan\u021ba, pentru comiterea a cinci infrac\u021biuni.<br \/>\nProcurorii anticorup\u021bie au informat c\u0103 acesta este acuzat de abuz \u00een serviciu (trei infrac\u021biuni, din care dou\u0103 \u00een form\u0103 continuat\u0103), constituire a unui grup infrac\u021bional organizat, coruperea aleg\u0103torilor (dou\u0103 infrac\u021biuni), conflict de interese (zece infrac\u021biuni, din care cinci \u00een form\u0103 continuat\u0103), precum \u0219i de tentativ\u0103 la abuz \u00een serviciu, \u00een form\u0103 continuat\u0103.<\/p><\/div>\n<p> Source URL: https:\/\/observatornews.ro\/politic\/nicuor-constantinescu-suspendat-de-prefect-din-funcia-de-preedinte-al-consiliului-judeean-constana-146449.html<\/p>\n","protected":false},"excerpt":{"rendered":"<p>Nicu\u0219or Constantinescu a fost suspendat din func\u021bia de pre\u0219edinte al Consiliului Jude\u021bean (CJ) Constan\u021ba, printr-un ordin emis, mar\u021bi, de prefectul jude\u021bului Nicu\u0219or Constantinescu a fost suspendat din func\u021bia de pre\u0219edinte al Consiliului Jude\u021bean (CJ) Constan\u021ba, printr-un ordin emis, mar\u021bi, de prefectul jude\u021bului Suspendarea din func\u021bie este valabil\u0103 p\u00e2n\u0103 la \u00eencetarea m\u0103surii arest\u0103rii preventive a lui [&hellip;]<\/p>\n","protected":false},"author":1,"featured_media":383775,"comment_status":"open","ping_status":"","sticky":false,"template":"","format":"standard","meta":{"footnotes":""},"categories":[2],"tags":[30],"class_list":["post-383774","post","type-post","status-publish","format-standard","has-post-thumbnail","hentry","category-politics","tag-observatornews-ro"],"_links":{"self":[{"href":"https:\/\/analyse.optim.biz\/index.php?rest_route=\/wp\/v2\/posts\/383774","targetHints":{"allow":["GET"]}}],"collection":[{"href":"https:\/\/analyse.optim.biz\/index.php?rest_route=\/wp\/v2\/posts"}],"about":[{"href":"https:\/\/analyse.optim.biz\/index.php?rest_route=\/wp\/v2\/types\/post"}],"author":[{"embeddable":true,"href":"https:\/\/analyse.optim.biz\/index.php?rest_route=\/wp\/v2\/users\/1"}],"replies":[{"embeddable":true,"href":"https:\/\/analyse.optim.biz\/index.php?rest_route=%2Fwp%2Fv2%2Fcomments&post=383774"}],"version-history":[{"count":0,"href":"https:\/\/analyse.optim.biz\/index.php?rest_route=\/wp\/v2\/posts\/383774\/revisions"}],"wp:featuredmedia":[{"embeddable":true,"href":"https:\/\/analyse.optim.biz\/index.php?rest_route=\/wp\/v2\/media\/383775"}],"wp:attachment":[{"href":"https:\/\/analyse.optim.biz\/index.php?rest_route=%2Fwp%2Fv2%2Fmedia&parent=383774"}],"wp:term":[{"taxonomy":"category","embeddable":true,"href":"https:\/\/analyse.optim.biz\/index.php?rest_route=%2Fwp%2Fv2%2Fcategories&post=383774"},{"taxonomy":"post_tag","embeddable":true,"href":"https:\/\/analyse.optim.biz\/index.php?rest_route=%2Fwp%2Fv2%2Ftags&post=383774"}],"curies":[{"name":"wp","href":"https:\/\/api.w.org\/{rel}","templated":true}]}}