{"id":383702,"date":"2015-02-25T12:58:00","date_gmt":"2015-02-25T09:58:00","guid":{"rendered":"https:\/\/analyse.optim.biz\/?p=383702"},"modified":"2015-02-25T12:58:00","modified_gmt":"2015-02-25T09:58:00","slug":"elena-udrea-arestata-preventiv-in-dosarul-gala-bute","status":"publish","type":"post","link":"https:\/\/analyse.optim.biz\/?p=383702","title":{"rendered":"Elena Udrea, ARESTAT\u0102 preventiv \u00een dosarul &#8220;Gala Bute&#8221;"},"content":{"rendered":"<div class=\"description\" data-key=\"description\">Instan\u0163a suprem\u0103 a decis, miercuri, arestarea preventiv\u0103 pentru 30 de zile a Elenei Udrea, \u00een dosarul &#8220;Gala Bute&#8221;, aceasta urm\u00e2nd s\u0103 fie \u00eencarcerat\u0103 \u00een Arestul central al Poli\u0163iei Capitalei.<\/div>\n<div class=\"articleBody\" data-key=\"articleBody\">Instan\u0163a suprem\u0103 a decis, miercuri, arestarea preventiv\u0103 pentru 30 de zile a Elenei Udrea, \u00een dosarul &#8220;Gala Bute&#8221;, aceasta urm\u00e2nd s\u0103 fie \u00eencarcerat\u0103 \u00een Arestul central al Poli\u0163iei Capitalei.<br \/>\nElena Udrea a declarat, miercuri, c\u0103 \u00ee\u015fi repro\u015feaz\u0103 multe, c\u0103 fiecare r\u0103spunde pentru ceea ce face \u015fi a ar\u0103tat c\u0103 \u00een\u0163elege denun\u0163urile f\u0103cute \u00eempotriva ei, preciz\u00e2nd c\u0103 dup\u0103 trei luni \u00een arestul central, \u015fi caracterele mai tari cedeaz\u0103 \u015fi declar\u0103 ceea ce vor anchetatorii s\u0103 aud\u0103.\u00a0<\/div>\n<p> Source URL: https:\/\/observatornews.ro\/politic\/elena-udrea-arestata-preventiv-in-dosarul-gala-bute-146533.html<\/p>\n","protected":false},"excerpt":{"rendered":"<p>Instan\u0163a suprem\u0103 a decis, miercuri, arestarea preventiv\u0103 pentru 30 de zile a Elenei Udrea, \u00een dosarul &#8220;Gala Bute&#8221;, aceasta urm\u00e2nd s\u0103 fie \u00eencarcerat\u0103 \u00een Arestul central al Poli\u0163iei Capitalei. Instan\u0163a suprem\u0103 a decis, miercuri, arestarea preventiv\u0103 pentru 30 de zile a Elenei Udrea, \u00een dosarul &#8220;Gala Bute&#8221;, aceasta urm\u00e2nd s\u0103 fie \u00eencarcerat\u0103 \u00een Arestul central [&hellip;]<\/p>\n","protected":false},"author":1,"featured_media":0,"comment_status":"open","ping_status":"","sticky":false,"template":"","format":"standard","meta":{"footnotes":""},"categories":[2],"tags":[30],"class_list":["post-383702","post","type-post","status-publish","format-standard","hentry","category-politics","tag-observatornews-ro"],"_links":{"self":[{"href":"https:\/\/analyse.optim.biz\/index.php?rest_route=\/wp\/v2\/posts\/383702","targetHints":{"allow":["GET"]}}],"collection":[{"href":"https:\/\/analyse.optim.biz\/index.php?rest_route=\/wp\/v2\/posts"}],"about":[{"href":"https:\/\/analyse.optim.biz\/index.php?rest_route=\/wp\/v2\/types\/post"}],"author":[{"embeddable":true,"href":"https:\/\/analyse.optim.biz\/index.php?rest_route=\/wp\/v2\/users\/1"}],"replies":[{"embeddable":true,"href":"https:\/\/analyse.optim.biz\/index.php?rest_route=%2Fwp%2Fv2%2Fcomments&post=383702"}],"version-history":[{"count":0,"href":"https:\/\/analyse.optim.biz\/index.php?rest_route=\/wp\/v2\/posts\/383702\/revisions"}],"wp:attachment":[{"href":"https:\/\/analyse.optim.biz\/index.php?rest_route=%2Fwp%2Fv2%2Fmedia&parent=383702"}],"wp:term":[{"taxonomy":"category","embeddable":true,"href":"https:\/\/analyse.optim.biz\/index.php?rest_route=%2Fwp%2Fv2%2Fcategories&post=383702"},{"taxonomy":"post_tag","embeddable":true,"href":"https:\/\/analyse.optim.biz\/index.php?rest_route=%2Fwp%2Fv2%2Ftags&post=383702"}],"curies":[{"name":"wp","href":"https:\/\/api.w.org\/{rel}","templated":true}]}}