{"id":383701,"date":"2015-02-25T14:15:00","date_gmt":"2015-02-25T11:15:00","guid":{"rendered":"https:\/\/analyse.optim.biz\/?p=383701"},"modified":"2015-02-25T14:15:00","modified_gmt":"2015-02-25T11:15:00","slug":"elena-udrea-a-ajuns-in-arestul-politiei","status":"publish","type":"post","link":"https:\/\/analyse.optim.biz\/?p=383701","title":{"rendered":"Elena Udrea a ajuns \u00een arestul Poli\u0163iei"},"content":{"rendered":"<div class=\"description\" data-key=\"description\">ICCJ a admis, miercuri, cererea de arestare pentru 30 de zile a Elenei Udrea, \u00een dosarul &#8220;Gala Bute&#8221;. Fostul ministru urmeaz\u0103 s\u0103 stea \u00een arest p\u00e2n\u0103 pe 26 martie inclusiv<\/div>\n<div class=\"articleBody\" data-key=\"articleBody\">\nICCJ a admis, miercuri, cererea de arestare pentru 30 de zile a Elenei Udrea, \u00een dosarul &#8220;Gala Bute&#8221;. Fostul ministru urmeaz\u0103 s\u0103 stea \u00een arest p\u00e2n\u0103 pe 26 martie inclusiv<br \/>\nUPDATE 16:35: Elena Udrea a ajuns \u00een arestul Poli\u0163iei.<br \/>\nMandatul de arestare pe numele Elenei Udrea a ajuns la Poli\u0163ia Capitalei. Decizia de ast\u0103zi nu este definitiv\u0103, astfel c\u0103 avoca\u0163ii pot face contesta\u0163ie \u00een acest caz.<br \/>\nLa dou\u0103 s\u0103pt\u0103m\u00e2ni de c\u00e2nd a fost arestat\u0103 preventiv \u00een dosarul Microsoft, fostul ministru al Turismului Elena Udrea se \u00eentoarce \u00een arest.\n<\/div>\n<p> Source URL: https:\/\/observatornews.ro\/politic\/elena-udrea-in-drum-spre-arestul-politiei-146537.html<\/p>\n","protected":false},"excerpt":{"rendered":"<p>ICCJ a admis, miercuri, cererea de arestare pentru 30 de zile a Elenei Udrea, \u00een dosarul &#8220;Gala Bute&#8221;. Fostul ministru urmeaz\u0103 s\u0103 stea \u00een arest p\u00e2n\u0103 pe 26 martie inclusiv ICCJ a admis, miercuri, cererea de arestare pentru 30 de zile a Elenei Udrea, \u00een dosarul &#8220;Gala Bute&#8221;. Fostul ministru urmeaz\u0103 s\u0103 stea \u00een arest [&hellip;]<\/p>\n","protected":false},"author":1,"featured_media":0,"comment_status":"open","ping_status":"","sticky":false,"template":"","format":"standard","meta":{"footnotes":""},"categories":[2],"tags":[30],"class_list":["post-383701","post","type-post","status-publish","format-standard","hentry","category-politics","tag-observatornews-ro"],"_links":{"self":[{"href":"https:\/\/analyse.optim.biz\/index.php?rest_route=\/wp\/v2\/posts\/383701","targetHints":{"allow":["GET"]}}],"collection":[{"href":"https:\/\/analyse.optim.biz\/index.php?rest_route=\/wp\/v2\/posts"}],"about":[{"href":"https:\/\/analyse.optim.biz\/index.php?rest_route=\/wp\/v2\/types\/post"}],"author":[{"embeddable":true,"href":"https:\/\/analyse.optim.biz\/index.php?rest_route=\/wp\/v2\/users\/1"}],"replies":[{"embeddable":true,"href":"https:\/\/analyse.optim.biz\/index.php?rest_route=%2Fwp%2Fv2%2Fcomments&post=383701"}],"version-history":[{"count":0,"href":"https:\/\/analyse.optim.biz\/index.php?rest_route=\/wp\/v2\/posts\/383701\/revisions"}],"wp:attachment":[{"href":"https:\/\/analyse.optim.biz\/index.php?rest_route=%2Fwp%2Fv2%2Fmedia&parent=383701"}],"wp:term":[{"taxonomy":"category","embeddable":true,"href":"https:\/\/analyse.optim.biz\/index.php?rest_route=%2Fwp%2Fv2%2Fcategories&post=383701"},{"taxonomy":"post_tag","embeddable":true,"href":"https:\/\/analyse.optim.biz\/index.php?rest_route=%2Fwp%2Fv2%2Ftags&post=383701"}],"curies":[{"name":"wp","href":"https:\/\/api.w.org\/{rel}","templated":true}]}}