{"id":383577,"date":"2015-03-02T11:16:00","date_gmt":"2015-03-02T08:16:00","guid":{"rendered":"https:\/\/analyse.optim.biz\/?p=383577"},"modified":"2015-03-02T11:16:00","modified_gmt":"2015-03-02T08:16:00","slug":"augustin-zegrean-vrea-sa-plece-de-la-ccr-candideaza-la-functia-de-judecator-la-curtea-de-justitie-a-ue","status":"publish","type":"post","link":"https:\/\/analyse.optim.biz\/?p=383577","title":{"rendered":"Augustin Zegrean vrea s\u0103 plece de la CCR. Candideaz\u0103 la func\u0163ia de judec\u0103tor la Curtea de Justi\u0163ie a UE"},"content":{"rendered":"<div class=\"description\" data-key=\"description\">Augustin Zegrean se num\u0103r\u0103 printre candida\u0163ii admi\u015fi s\u0103 sus\u0163in\u0103 interviul \u00een cadrul procedurii de desemnare a reprezentantului Rom\u00e2niei pentru func\u0163ia de judec\u0103tor la Curtea de Justi\u0163ie a Uniunii Europene<\/div>\n<div class=\"articleBody\" data-key=\"articleBody\">\nAugustin Zegrean se num\u0103r\u0103 printre candida\u0163ii admi\u015fi s\u0103 sus\u0163in\u0103 interviul \u00een cadrul procedurii de desemnare a reprezentantului Rom\u00e2niei pentru func\u0163ia de judec\u0103tor la Curtea de Justi\u0163ie a Uniunii Europene<br \/>\nMinisterul Justitiei a publicat pe site-ul propriu lista persoanelor admise s\u0103 sus\u0163in\u0103 interviul programat pentru mar\u0163i, 3 martie.<br \/>\n&#8220;In temeiul art. 5 alin.1 din Procedura pentru desemnarea candidatului Romaniei pentru functia de judecator la Curtea de Justitie a Uniunii Europene, aprobata de Guvernul Romaniei la 14 ianuarie 2015, membrii prezenti ai comisiei de selectie au decis, in unanimitate, in urma verificarii dosarelor de candidatura depuse pana la 23 februarie 2015, admiterea la interviu a urmatorilor candidati: Gheorghe Buta, Valeriu Ciuca, Ruxandra Costache, Claudia-Ana Costea (Moarcas), Mircea Criste, Constantin-Virgil Ivan-Cucu, Laura Mihaela Ivanovici, Octavia-Matei Spineanu, Dragos Constantin Tarsia, Camelia Toader, Augustin Zegrean&#8221;, se arat\u0103 \u00eentr-un comunicat, conform Antena3.\u00a0\n<\/div>\n<p> Source URL: https:\/\/observatornews.ro\/politic\/augustin-zegrean-vrea-sa-plece-de-la-ccr-candideaza-la-functia-de-judecator-la-curtea-de-justitie-a-ue-146886.html<\/p>\n","protected":false},"excerpt":{"rendered":"<p>Augustin Zegrean se num\u0103r\u0103 printre candida\u0163ii admi\u015fi s\u0103 sus\u0163in\u0103 interviul \u00een cadrul procedurii de desemnare a reprezentantului Rom\u00e2niei pentru func\u0163ia de judec\u0103tor la Curtea de Justi\u0163ie a Uniunii Europene Augustin Zegrean se num\u0103r\u0103 printre candida\u0163ii admi\u015fi s\u0103 sus\u0163in\u0103 interviul \u00een cadrul procedurii de desemnare a reprezentantului Rom\u00e2niei pentru func\u0163ia de judec\u0103tor la Curtea de Justi\u0163ie [&hellip;]<\/p>\n","protected":false},"author":1,"featured_media":383578,"comment_status":"open","ping_status":"","sticky":false,"template":"","format":"standard","meta":{"footnotes":""},"categories":[2],"tags":[30],"class_list":["post-383577","post","type-post","status-publish","format-standard","has-post-thumbnail","hentry","category-politics","tag-observatornews-ro"],"_links":{"self":[{"href":"https:\/\/analyse.optim.biz\/index.php?rest_route=\/wp\/v2\/posts\/383577","targetHints":{"allow":["GET"]}}],"collection":[{"href":"https:\/\/analyse.optim.biz\/index.php?rest_route=\/wp\/v2\/posts"}],"about":[{"href":"https:\/\/analyse.optim.biz\/index.php?rest_route=\/wp\/v2\/types\/post"}],"author":[{"embeddable":true,"href":"https:\/\/analyse.optim.biz\/index.php?rest_route=\/wp\/v2\/users\/1"}],"replies":[{"embeddable":true,"href":"https:\/\/analyse.optim.biz\/index.php?rest_route=%2Fwp%2Fv2%2Fcomments&post=383577"}],"version-history":[{"count":0,"href":"https:\/\/analyse.optim.biz\/index.php?rest_route=\/wp\/v2\/posts\/383577\/revisions"}],"wp:featuredmedia":[{"embeddable":true,"href":"https:\/\/analyse.optim.biz\/index.php?rest_route=\/wp\/v2\/media\/383578"}],"wp:attachment":[{"href":"https:\/\/analyse.optim.biz\/index.php?rest_route=%2Fwp%2Fv2%2Fmedia&parent=383577"}],"wp:term":[{"taxonomy":"category","embeddable":true,"href":"https:\/\/analyse.optim.biz\/index.php?rest_route=%2Fwp%2Fv2%2Fcategories&post=383577"},{"taxonomy":"post_tag","embeddable":true,"href":"https:\/\/analyse.optim.biz\/index.php?rest_route=%2Fwp%2Fv2%2Ftags&post=383577"}],"curies":[{"name":"wp","href":"https:\/\/api.w.org\/{rel}","templated":true}]}}