{"id":383424,"date":"2015-03-07T14:35:00","date_gmt":"2015-03-07T11:35:00","guid":{"rendered":"https:\/\/analyse.optim.biz\/?p=383424"},"modified":"2015-03-07T14:35:00","modified_gmt":"2015-03-07T11:35:00","slug":"spovedania-elenei-udrea","status":"publish","type":"post","link":"https:\/\/analyse.optim.biz\/?p=383424","title":{"rendered":"Spovedania Elenei Udrea"},"content":{"rendered":"<div class=\"description\" data-key=\"description\">Fostul ministru Elena Udrea acuz\u0103, s\u00e2mb\u0103t\u0103 pe Facebook, printr-o postare prin intermediul echipei sale de comunicare, &#8220;caracterul puternic arbitrar sau discre\u021bionar al felului \u00een care se \u00eencearc\u0103 \u00eenf\u0103ptuirea anchetelor penale&#8221; \u00een dosarele sale<\/div>\n<div class=\"articleBody\" data-key=\"articleBody\">Fostul ministru Elena Udrea acuz\u0103, s\u00e2mb\u0103t\u0103 pe Facebook, printr-o postare prin intermediul echipei sale de comunicare, &#8220;caracterul puternic arbitrar sau discre\u021bionar al felului \u00een care se \u00eencearc\u0103 \u00eenf\u0103ptuirea anchetelor penale&#8221; \u00een dosarele sale.\u00a0<br \/>\nPotrivit Elenei Udrea, denun\u021b\u0103torii din dosarul desp\u0103gubirilor se pot \u00eemp\u0103r\u021bi \u00een denun\u021b\u0103tori &#8220;buni&#8221; \u0219i denun\u021b\u0103tori &#8220;r\u0103i&#8221;, \u00een func\u021bie de m\u0103surile preventive luate pentru ace\u0219tia.<br \/>\n&#8220;Dorin Coco\u0219 \u0219i-a recunoscut faptele de care a fost acuzat de anchetatori dup\u0103 o bun\u0103 perioad\u0103 \u00een care s-a aflat \u00een arestul Poli\u021biei Capitalei. A spus sumele de bani pe care le-a luat, dar \u0219i felul \u00een care s-au \u00eemp\u0103r\u021bit apoi c\u0103tre al\u021bi &#8216;beneficiari&#8217;. Cu toate acestea, DNA \u0219i, apoi, instan\u021ba au considerat c\u0103 faptele sunt &#8216;prea grave&#8217;, iar sumele invocate sunt &#8216;prea mari&#8217; pentru ca Dorin \u0219i Alin Coco\u0219 s\u0103 poat\u0103 fi pu\u0219i sub control judiciar sau \u00een arest la domiciliu. Cu alte cuvinte, cei doi au fost privi\u021bi ca denun\u021b\u0103torii r\u0103i&#8221;, spune Elena Udrea.<br \/>\n\u00cen continuare, ea vorbe\u0219te despre &#8220;denun\u021b\u0103torii buni&#8221;. &#8220;Stelian Gheorghe (cel care a fost beneficiarul direct al unei supraevalu\u0103ri de 61 de milioane de euro) \u0219i Sergiu Diacomatu (cel care a primit 7,5 milioane de euro mit\u0103 pentru ac\u021biunile din comisia ANRP) au avut c\u00e2\u0219tiguri financiare mult mai mari, dar nici DNA \u0219i nici instan\u021bele nu consider\u0103 c\u0103 e nevoie de o m\u0103sur\u0103 privativ\u0103 de libertate. Cu alte cuvinte, ei sunt denun\u021b\u0103torii buni. Aceast\u0103 stare de fapt \u2014 \u00een care oameni acuza\u021bi de fapte similare au parte de pedepse diametral opuse, de\u0219i ac\u021bioneaz\u0103 \u00een acela\u0219i sens \u2014 d\u0103 m\u0103sura caracterului puternic arbitrar sau discre\u021bionar al felului \u00een care se \u00eencearc\u0103 \u00eenf\u0103ptuirea anchetelor penale \u00een aceste cazuri&#8221;, se arat\u0103 pe pagina de Facebook a Elenei Udrea.<\/div>\n<p> Source URL: https:\/\/observatornews.ro\/politic\/spovedania-elenei-udrea-147284.html<\/p>\n","protected":false},"excerpt":{"rendered":"<p>Fostul ministru Elena Udrea acuz\u0103, s\u00e2mb\u0103t\u0103 pe Facebook, printr-o postare prin intermediul echipei sale de comunicare, &#8220;caracterul puternic arbitrar sau discre\u021bionar al felului \u00een care se \u00eencearc\u0103 \u00eenf\u0103ptuirea anchetelor penale&#8221; \u00een dosarele sale Fostul ministru Elena Udrea acuz\u0103, s\u00e2mb\u0103t\u0103 pe Facebook, printr-o postare prin intermediul echipei sale de comunicare, &#8220;caracterul puternic arbitrar sau discre\u021bionar al [&hellip;]<\/p>\n","protected":false},"author":1,"featured_media":0,"comment_status":"open","ping_status":"","sticky":false,"template":"","format":"standard","meta":{"footnotes":""},"categories":[2],"tags":[30],"class_list":["post-383424","post","type-post","status-publish","format-standard","hentry","category-politics","tag-observatornews-ro"],"_links":{"self":[{"href":"https:\/\/analyse.optim.biz\/index.php?rest_route=\/wp\/v2\/posts\/383424","targetHints":{"allow":["GET"]}}],"collection":[{"href":"https:\/\/analyse.optim.biz\/index.php?rest_route=\/wp\/v2\/posts"}],"about":[{"href":"https:\/\/analyse.optim.biz\/index.php?rest_route=\/wp\/v2\/types\/post"}],"author":[{"embeddable":true,"href":"https:\/\/analyse.optim.biz\/index.php?rest_route=\/wp\/v2\/users\/1"}],"replies":[{"embeddable":true,"href":"https:\/\/analyse.optim.biz\/index.php?rest_route=%2Fwp%2Fv2%2Fcomments&post=383424"}],"version-history":[{"count":0,"href":"https:\/\/analyse.optim.biz\/index.php?rest_route=\/wp\/v2\/posts\/383424\/revisions"}],"wp:attachment":[{"href":"https:\/\/analyse.optim.biz\/index.php?rest_route=%2Fwp%2Fv2%2Fmedia&parent=383424"}],"wp:term":[{"taxonomy":"category","embeddable":true,"href":"https:\/\/analyse.optim.biz\/index.php?rest_route=%2Fwp%2Fv2%2Fcategories&post=383424"},{"taxonomy":"post_tag","embeddable":true,"href":"https:\/\/analyse.optim.biz\/index.php?rest_route=%2Fwp%2Fv2%2Ftags&post=383424"}],"curies":[{"name":"wp","href":"https:\/\/api.w.org\/{rel}","templated":true}]}}