{"id":383423,"date":"2015-03-07T14:37:00","date_gmt":"2015-03-07T11:37:00","guid":{"rendered":"https:\/\/analyse.optim.biz\/?p=383423"},"modified":"2015-03-07T14:37:00","modified_gmt":"2015-03-07T11:37:00","slug":"ponta-am-discutat-despre-includerea-masurilor-de-sprijin-pentru-mame-din-2016","status":"publish","type":"post","link":"https:\/\/analyse.optim.biz\/?p=383423","title":{"rendered":"Ponta: Am discutat despre includerea m\u0103surilor de sprijin pentru mame, din 2016"},"content":{"rendered":"<div class=\"description\" data-key=\"description\">Pre\u015fedintele PSD, premierul Victor Ponta, a declarat, s\u00e2mb\u0103t\u0103, dup\u0103 o reuniune a femeilor din PSD, c\u0103 a discutat cu ministru de Finan\u0163e, Darius V\u00e2lcov, despre includerea \u00een noul Cod fiscal a unor m\u0103suri de sprijin pentru mame, care s\u0103 fie aplicate din 2016.<\/div>\n<div class=\"articleBody\" data-key=\"articleBody\">Pre\u015fedintele PSD, premierul Victor Ponta, a declarat, s\u00e2mb\u0103t\u0103, dup\u0103 o reuniune a femeilor din PSD, c\u0103 a discutat cu ministru de Finan\u0163e, Darius V\u00e2lcov, despre includerea \u00een noul Cod fiscal a unor m\u0103suri de sprijin pentru mame, care s\u0103 fie aplicate din 2016.\u00a0<br \/>\nPonta a spus c\u0103 sus\u0163ine toate m\u0103surile propuse de ministrul Muncii, Rovana Plumb, privind aceast\u0103 tem\u0103.<br \/>\nPlumb a propus, \u00een cadrul acestei reuniuni, ca din 2016 toate femeile \u00eens\u0103rcinate s\u0103 beneficieze de decontarea tuturor analizelor recomandate de medici.<br \/>\nEa a propus \u015fi ca indemniza\u0163ia mamelor aflate \u00een concediu de maternitate s\u0103 fie majorat\u0103 la nivelul salariului avut \u00eenainte de concediu.<br \/>\nPlumb a mai propus \u015fi ca stimulentul pentru re\u00eentoarcerea mamei la serviciu s\u0103 fie de 600 de lei dn 2016.<br \/>\nPotrivit Mediafax, premierul Victor Ponta a precizat c\u0103 sus\u0163ine aceste m\u0103suri.<br \/>\n\u201dSunt lucruri care trebuie f\u0103cute \u00eentr-o \u0163ar\u0103 care \u00een ultimii ani a avut cre\u015ftere economic\u0103, care are mai mul\u0163i bani la buget. Orizontul de timp pentru aplicare este 2016\u201d, a spus Ponta.<\/div>\n<p> Source URL: https:\/\/observatornews.ro\/politic\/ponta-am-discutat-despre-includerea-masurilor-de-sprijin-pentru-mame-din-2016-147285.html<\/p>\n","protected":false},"excerpt":{"rendered":"<p>Pre\u015fedintele PSD, premierul Victor Ponta, a declarat, s\u00e2mb\u0103t\u0103, dup\u0103 o reuniune a femeilor din PSD, c\u0103 a discutat cu ministru de Finan\u0163e, Darius V\u00e2lcov, despre includerea \u00een noul Cod fiscal a unor m\u0103suri de sprijin pentru mame, care s\u0103 fie aplicate din 2016. Pre\u015fedintele PSD, premierul Victor Ponta, a declarat, s\u00e2mb\u0103t\u0103, dup\u0103 o reuniune a [&hellip;]<\/p>\n","protected":false},"author":1,"featured_media":0,"comment_status":"open","ping_status":"","sticky":false,"template":"","format":"standard","meta":{"footnotes":""},"categories":[2],"tags":[30],"class_list":["post-383423","post","type-post","status-publish","format-standard","hentry","category-politics","tag-observatornews-ro"],"_links":{"self":[{"href":"https:\/\/analyse.optim.biz\/index.php?rest_route=\/wp\/v2\/posts\/383423","targetHints":{"allow":["GET"]}}],"collection":[{"href":"https:\/\/analyse.optim.biz\/index.php?rest_route=\/wp\/v2\/posts"}],"about":[{"href":"https:\/\/analyse.optim.biz\/index.php?rest_route=\/wp\/v2\/types\/post"}],"author":[{"embeddable":true,"href":"https:\/\/analyse.optim.biz\/index.php?rest_route=\/wp\/v2\/users\/1"}],"replies":[{"embeddable":true,"href":"https:\/\/analyse.optim.biz\/index.php?rest_route=%2Fwp%2Fv2%2Fcomments&post=383423"}],"version-history":[{"count":0,"href":"https:\/\/analyse.optim.biz\/index.php?rest_route=\/wp\/v2\/posts\/383423\/revisions"}],"wp:attachment":[{"href":"https:\/\/analyse.optim.biz\/index.php?rest_route=%2Fwp%2Fv2%2Fmedia&parent=383423"}],"wp:term":[{"taxonomy":"category","embeddable":true,"href":"https:\/\/analyse.optim.biz\/index.php?rest_route=%2Fwp%2Fv2%2Fcategories&post=383423"},{"taxonomy":"post_tag","embeddable":true,"href":"https:\/\/analyse.optim.biz\/index.php?rest_route=%2Fwp%2Fv2%2Ftags&post=383423"}],"curies":[{"name":"wp","href":"https:\/\/api.w.org\/{rel}","templated":true}]}}