{"id":383422,"date":"2015-03-07T17:43:20","date_gmt":"2015-03-07T14:43:20","guid":{"rendered":"https:\/\/analyse.optim.biz\/?p=383422"},"modified":"2015-03-07T17:43:20","modified_gmt":"2015-03-07T14:43:20","slug":"parlamentarii-aflati-in-arest-platiti-in-continuare","status":"publish","type":"post","link":"https:\/\/analyse.optim.biz\/?p=383422","title":{"rendered":"Parlamentarii afla\u0163i \u00een arest, pl\u0103ti\u0163i \u00een continuare"},"content":{"rendered":"<div class=\"description\" data-key=\"description\">I-am ales \u015fi i-am pl\u0103tit ca s\u0103 ne fac\u0103 via\u0163a mai bun\u0103, dar unii dintre parlamentari au avut grij\u0103 doar de afacerile lor. Multe cu iz penal, pentru care acum r\u0103spund \u00een justi\u0163ie \u015fi stau \u00een arest preventiv.<\/div>\n<div class=\"articleBody\" data-key=\"articleBody\">I-am ales \u015fi i-am pl\u0103tit ca s\u0103 ne fac\u0103 via\u0163a mai bun\u0103, dar unii dintre parlamentari au avut grij\u0103 doar de afacerile lor. Multe cu iz penal, pentru care acum r\u0103spund \u00een justi\u0163ie \u015fi stau \u00een arest preventiv.\u00a0<br \/>\nConsiliera da, deputatul Elena Udrea nu este, \u00eens\u0103, la serviciu. St\u0103 \u00een arest preventiv pentru c\u0103 ar fi luat \u015fpag\u0103 peste un milion de euro.<br \/>\nDe\u015fi prin Parlament a mai trecut doar ca-\u015fi roage colegii s-o scape de gratii, Udrea \u00eencaseaz\u0103, \u00een continuare, de la stat, zece mii de lei, lunar. Bani pentru cabinetul parlamentar. Un cabinet care func\u0163ioneaz\u0103 degeaba, din moment ce deputatul nu-i mai poate ajuta pe aleg\u0103tori.<br \/>\nCa Elena Udrea mai sunt mul\u0163i al\u0163i parlamentari. Liberalul Mircea Ro\u015fca este de patru luni \u00een arest preventiv. Cu toate astea, cei zece mii de lei pentru cabinet i se duc, lunar, \u00een cont. Deputa\u0163ii dau vina pe regulament.<\/div>\n<p> Source URL: https:\/\/observatornews.ro\/politic\/parlamentarii-aflati-in-arest-platiti-in-continuare-147305.html<\/p>\n","protected":false},"excerpt":{"rendered":"<p>I-am ales \u015fi i-am pl\u0103tit ca s\u0103 ne fac\u0103 via\u0163a mai bun\u0103, dar unii dintre parlamentari au avut grij\u0103 doar de afacerile lor. Multe cu iz penal, pentru care acum r\u0103spund \u00een justi\u0163ie \u015fi stau \u00een arest preventiv. I-am ales \u015fi i-am pl\u0103tit ca s\u0103 ne fac\u0103 via\u0163a mai bun\u0103, dar unii dintre parlamentari au [&hellip;]<\/p>\n","protected":false},"author":1,"featured_media":0,"comment_status":"open","ping_status":"","sticky":false,"template":"","format":"standard","meta":{"footnotes":""},"categories":[2],"tags":[30],"class_list":["post-383422","post","type-post","status-publish","format-standard","hentry","category-politics","tag-observatornews-ro"],"_links":{"self":[{"href":"https:\/\/analyse.optim.biz\/index.php?rest_route=\/wp\/v2\/posts\/383422","targetHints":{"allow":["GET"]}}],"collection":[{"href":"https:\/\/analyse.optim.biz\/index.php?rest_route=\/wp\/v2\/posts"}],"about":[{"href":"https:\/\/analyse.optim.biz\/index.php?rest_route=\/wp\/v2\/types\/post"}],"author":[{"embeddable":true,"href":"https:\/\/analyse.optim.biz\/index.php?rest_route=\/wp\/v2\/users\/1"}],"replies":[{"embeddable":true,"href":"https:\/\/analyse.optim.biz\/index.php?rest_route=%2Fwp%2Fv2%2Fcomments&post=383422"}],"version-history":[{"count":0,"href":"https:\/\/analyse.optim.biz\/index.php?rest_route=\/wp\/v2\/posts\/383422\/revisions"}],"wp:attachment":[{"href":"https:\/\/analyse.optim.biz\/index.php?rest_route=%2Fwp%2Fv2%2Fmedia&parent=383422"}],"wp:term":[{"taxonomy":"category","embeddable":true,"href":"https:\/\/analyse.optim.biz\/index.php?rest_route=%2Fwp%2Fv2%2Fcategories&post=383422"},{"taxonomy":"post_tag","embeddable":true,"href":"https:\/\/analyse.optim.biz\/index.php?rest_route=%2Fwp%2Fv2%2Ftags&post=383422"}],"curies":[{"name":"wp","href":"https:\/\/api.w.org\/{rel}","templated":true}]}}