{"id":383383,"date":"2015-03-10T06:46:00","date_gmt":"2015-03-10T03:46:00","guid":{"rendered":"https:\/\/analyse.optim.biz\/?p=383383"},"modified":"2015-03-10T06:46:00","modified_gmt":"2015-03-10T03:46:00","slug":"mircea-geoana-anunta-infiintarea-partidului-social-romanesc","status":"publish","type":"post","link":"https:\/\/analyse.optim.biz\/?p=383383","title":{"rendered":"Mircea Geoan\u0103 anun\u0163\u0103 \u00eenfiin\u0163area Partidului Social Rom\u00e2nesc!"},"content":{"rendered":"<div class=\"description\" data-key=\"description\">Senatorul Mircea Geoan\u0103 a anun\u0163at c\u0103 \u00een cadrul Biroului Na\u0163ional de Conducere al Noului Proiect Social Democrat s-a decis \u00eenfiin\u0163area unui nou partid de st\u00e2nga, Partidul Social Rom\u00e2nesc, ca r\u0103spuns la &#8220;grava deviere de la identitatea de st\u00e2nga a PSD-ului condus de Victor Ponta&#8221;<\/div>\n<div class=\"articleBody\" data-key=\"articleBody\">Senatorul Mircea Geoan\u0103 a anun\u0163at c\u0103 \u00een cadrul Biroului Na\u0163ional de Conducere al Noului Proiect Social Democrat s-a decis \u00eenfiin\u0163area unui nou partid de st\u00e2nga, Partidul Social Rom\u00e2nesc, ca r\u0103spuns la &#8220;grava deviere de la identitatea de st\u00e2nga a PSD-ului condus de Victor Ponta&#8221;<\/p>\n<p>&#8220;PSR este du\u015fmanul declarat al inegalit\u0103\u0163ilor \u015fi al efectelor negative ale polariz\u0103rii sociale, c\u00e2t \u015fi un aprig ap\u0103r\u0103tor al drepturilor angaja\u0163ilor din sectorul public \u015fi privat. PSR va repune \u00een centrul societ\u0103\u0163ii munca, cinstea \u015fi demnitatea fiin\u0163ei umane, \u00eenlocuind corup\u0163ia, minciuna, impostura \u015fi pseudo-cultura, ce domin\u0103 spa\u0163iul \u015fi discursul public. Rom\u00e2nia are nevoie de talentul \u015fi priceperea tuturor cet\u0103\u0163enilor rom\u00e2ni, indiferent unde tr\u0103iesc \u015fi muncesc, \u00een \u0163ar\u0103 sau \u00een str\u0103in\u0103tate&#8221;, se arat\u0103 \u00eentr-un comunicat de pres\u0103, potrivit Mediafax.<br \/>\nSenatorul Mircea Geoan\u0103 a lansat, pe 1 februarie, un nou proiect social-democrat intitulat &#8220;Rom\u00e2nia noastr\u0103&#8221;, sus\u0163in\u00e2nd c\u0103 aceast\u0103 ini\u0163iativ\u0103 va schimba majoritatea \u00een Parlament, iar \u00een luna martie va fi instalat un nou guvern.<br \/>\nIni\u0163iatorii noului proiect al st\u00e2ngii sunt Mihai B\u0103rbuliceanu, Ana C\u0103t\u0103u\u0163\u0103, R\u0103zvan Condur\u0103\u0163eanu, C\u0103t\u0103lin Croitoru, Maria Dragomir, Mircea Geoan\u0103, Bogdan Georgescu, Radu Golban, Florentin Gust, Aurel Dan Ioni\u0163\u0103, Valer Marian, Oana Mizil, Raul P\u0103tra\u015fcu, Petre Petrescu, Radu Popa, R\u0103zvan Rotaru, Iriza Scarlat, Dan T\u0103taru, Tudor T\u0103n\u0103sescu, Violeta Tudosie, Marian Vanghelie.<br \/>\nMircea Geoan\u0103 a fost exclus din PSD la dorin\u0163a actualului pre\u015fedinte al partidului Victor Ponta, pe 27 noiembrie 2014, dup\u0103 alegerile preziden\u0163iale. Al\u0103turi de Geoan\u0103, au fost exclu\u015fi atunci \u015fi Dan \u015eova \u015fi Marian Vanghelie.<\/p><\/div>\n<p> Source URL: https:\/\/observatornews.ro\/politic\/mircea-geoana-anunta-infiintarea-partidului-social-romanesc-147440.html<\/p>\n","protected":false},"excerpt":{"rendered":"<p>Senatorul Mircea Geoan\u0103 a anun\u0163at c\u0103 \u00een cadrul Biroului Na\u0163ional de Conducere al Noului Proiect Social Democrat s-a decis \u00eenfiin\u0163area unui nou partid de st\u00e2nga, Partidul Social Rom\u00e2nesc, ca r\u0103spuns la &#8220;grava deviere de la identitatea de st\u00e2nga a PSD-ului condus de Victor Ponta&#8221; Senatorul Mircea Geoan\u0103 a anun\u0163at c\u0103 \u00een cadrul Biroului Na\u0163ional de [&hellip;]<\/p>\n","protected":false},"author":1,"featured_media":383384,"comment_status":"open","ping_status":"","sticky":false,"template":"","format":"standard","meta":{"footnotes":""},"categories":[2],"tags":[30],"class_list":["post-383383","post","type-post","status-publish","format-standard","has-post-thumbnail","hentry","category-politics","tag-observatornews-ro"],"_links":{"self":[{"href":"https:\/\/analyse.optim.biz\/index.php?rest_route=\/wp\/v2\/posts\/383383","targetHints":{"allow":["GET"]}}],"collection":[{"href":"https:\/\/analyse.optim.biz\/index.php?rest_route=\/wp\/v2\/posts"}],"about":[{"href":"https:\/\/analyse.optim.biz\/index.php?rest_route=\/wp\/v2\/types\/post"}],"author":[{"embeddable":true,"href":"https:\/\/analyse.optim.biz\/index.php?rest_route=\/wp\/v2\/users\/1"}],"replies":[{"embeddable":true,"href":"https:\/\/analyse.optim.biz\/index.php?rest_route=%2Fwp%2Fv2%2Fcomments&post=383383"}],"version-history":[{"count":0,"href":"https:\/\/analyse.optim.biz\/index.php?rest_route=\/wp\/v2\/posts\/383383\/revisions"}],"wp:featuredmedia":[{"embeddable":true,"href":"https:\/\/analyse.optim.biz\/index.php?rest_route=\/wp\/v2\/media\/383384"}],"wp:attachment":[{"href":"https:\/\/analyse.optim.biz\/index.php?rest_route=%2Fwp%2Fv2%2Fmedia&parent=383383"}],"wp:term":[{"taxonomy":"category","embeddable":true,"href":"https:\/\/analyse.optim.biz\/index.php?rest_route=%2Fwp%2Fv2%2Fcategories&post=383383"},{"taxonomy":"post_tag","embeddable":true,"href":"https:\/\/analyse.optim.biz\/index.php?rest_route=%2Fwp%2Fv2%2Ftags&post=383383"}],"curies":[{"name":"wp","href":"https:\/\/api.w.org\/{rel}","templated":true}]}}