{"id":383307,"date":"2015-03-11T09:42:00","date_gmt":"2015-03-11T06:42:00","guid":{"rendered":"https:\/\/analyse.optim.biz\/?p=383307"},"modified":"2015-03-11T09:42:00","modified_gmt":"2015-03-11T06:42:00","slug":"purtatorul-de-cuvant-al-mae-concediat","status":"publish","type":"post","link":"https:\/\/analyse.optim.biz\/?p=383307","title":{"rendered":"Purt\u0103torul de cuv\u00e2nt al MAE, concediat"},"content":{"rendered":"<div class=\"description\" data-key=\"description\">Ministrul de Externe Bogdan Aurescu a decis eliberarea din func\u0163ie a purt\u0103torului de cuv\u00e2nt al MAE, &#8220;care a gestionat, \u00een rela\u0163ia cu Agerpres problematica&#8221; bro\u015furii \u00een care steagul Germaniei a fost imprimat peste harta Fran\u0163ei<\/div>\n<div class=\"articleBody\" data-key=\"articleBody\">Ministrul de Externe Bogdan Aurescu a decis eliberarea din func\u0163ie a purt\u0103torului de cuv\u00e2nt al MAE, &#8220;care a gestionat, \u00een rela\u0163ia cu Agerpres problematica&#8221; bro\u015furii \u00een care steagul Germaniei a fost imprimat peste harta Fran\u0163ei<br \/>\n&#8220;\u00cen urma analiz\u0103rii modului \u00een care s-a ajuns la acest regretabil incident, ministrul Afacerilor Externe a decis, \u00een cursul zilei de ieri, eliberarea din func\u0163ie a purt\u0103torului de cuv\u00e2nt al MAE, care a gestionat, \u00een rela\u0163ia cu Agerpres, problematica materialului \u00een cauz\u0103.Purt\u0103torul de cuv\u00e2nt al MAE \u015fi-a asumat responsabilitatea neverific\u0103rii integrale a bro\u015furii respective \u00eenainte de a-i fi prezentat\u0103 \u015fefului institu\u0163iei&#8221; spre a fi oferit\u0103 ministrului german de Externe.<br \/>\nMAE reaminte\u015fte &#8220;c\u0103 bro\u015fura, \u00een variant\u0103 tip\u0103rit\u0103, a fost predat\u0103 de Agerpres la MAE \u00een diminea\u0163a zilei de 9 martie a.c., \u00een cursul derul\u0103rii vizitei oficialului german la Bucure\u015fti. \u015fi c\u0103, ulterior semnal\u0103rii c\u0103tre Agerpres a erorii de pe coperta materialului, Agerpres \u015fi-a asumat public gre\u015feala tehnic\u0103 \u015fi a cerut scuze pentru aceasta&#8221;.<br \/>\n\u00cen comunicat se mai spune c\u0103 &#8220;incidentul a creat o situa\u0163ie delicat\u0103 \u015fi a proiectat o imagine total defavorabil\u0103 asupra activit\u0103\u0163ii MAE, motiv pentru care ministrul afacerilor externe a dispus m\u0103sura eliber\u0103rii din func\u0163ie a purt\u0103torului de cuv\u00e2nt&#8221; Br\u00e2ndu\u015fa Predescu.\u00a0<\/div>\n<p> Source URL: https:\/\/observatornews.ro\/politic\/purtatorul-de-cuvant-al-mae-concediat-147541.html<\/p>\n","protected":false},"excerpt":{"rendered":"<p>Ministrul de Externe Bogdan Aurescu a decis eliberarea din func\u0163ie a purt\u0103torului de cuv\u00e2nt al MAE, &#8220;care a gestionat, \u00een rela\u0163ia cu Agerpres problematica&#8221; bro\u015furii \u00een care steagul Germaniei a fost imprimat peste harta Fran\u0163ei Ministrul de Externe Bogdan Aurescu a decis eliberarea din func\u0163ie a purt\u0103torului de cuv\u00e2nt al MAE, &#8220;care a gestionat, \u00een [&hellip;]<\/p>\n","protected":false},"author":1,"featured_media":0,"comment_status":"open","ping_status":"","sticky":false,"template":"","format":"standard","meta":{"footnotes":""},"categories":[2],"tags":[30],"class_list":["post-383307","post","type-post","status-publish","format-standard","hentry","category-politics","tag-observatornews-ro"],"_links":{"self":[{"href":"https:\/\/analyse.optim.biz\/index.php?rest_route=\/wp\/v2\/posts\/383307","targetHints":{"allow":["GET"]}}],"collection":[{"href":"https:\/\/analyse.optim.biz\/index.php?rest_route=\/wp\/v2\/posts"}],"about":[{"href":"https:\/\/analyse.optim.biz\/index.php?rest_route=\/wp\/v2\/types\/post"}],"author":[{"embeddable":true,"href":"https:\/\/analyse.optim.biz\/index.php?rest_route=\/wp\/v2\/users\/1"}],"replies":[{"embeddable":true,"href":"https:\/\/analyse.optim.biz\/index.php?rest_route=%2Fwp%2Fv2%2Fcomments&post=383307"}],"version-history":[{"count":0,"href":"https:\/\/analyse.optim.biz\/index.php?rest_route=\/wp\/v2\/posts\/383307\/revisions"}],"wp:attachment":[{"href":"https:\/\/analyse.optim.biz\/index.php?rest_route=%2Fwp%2Fv2%2Fmedia&parent=383307"}],"wp:term":[{"taxonomy":"category","embeddable":true,"href":"https:\/\/analyse.optim.biz\/index.php?rest_route=%2Fwp%2Fv2%2Fcategories&post=383307"},{"taxonomy":"post_tag","embeddable":true,"href":"https:\/\/analyse.optim.biz\/index.php?rest_route=%2Fwp%2Fv2%2Ftags&post=383307"}],"curies":[{"name":"wp","href":"https:\/\/api.w.org\/{rel}","templated":true}]}}