{"id":383306,"date":"2015-03-12T06:31:00","date_gmt":"2015-03-12T03:31:00","guid":{"rendered":"https:\/\/analyse.optim.biz\/?p=383306"},"modified":"2015-03-12T06:31:00","modified_gmt":"2015-03-12T03:31:00","slug":"toni-grebla-despre-situatia-caprelor-cine-se-afla-in-spatele-denuntului","status":"publish","type":"post","link":"https:\/\/analyse.optim.biz\/?p=383306","title":{"rendered":"Toni Grebl\u0103, despre situa\u0163ia caprelor. Cine se afl\u0103 \u00een spatele denun\u0163ului"},"content":{"rendered":"<div class=\"description\" data-key=\"description\">Toni Grebl\u0103 a ajuns acas\u0103 dup\u0103 ce judec\u0103torii de la Curtea Suprem\u0103 au deciss\u0103 fie cercetat \u00een libertate. Fostul judec\u0103tor spune c\u0103 \u00ee\u015fi poate demonstra nevinov\u0103\u0163ia \u00een instan\u0163\u0103<\/div>\n<div class=\"articleBody\" data-key=\"articleBody\">\nToni Grebl\u0103 a ajuns acas\u0103 dup\u0103 ce judec\u0103torii de la Curtea Suprem\u0103 au deciss\u0103 fie cercetat \u00een libertate. Fostul judec\u0103tor spune c\u0103 \u00ee\u015fi poate demonstra nevinov\u0103\u0163ia \u00een instan\u0163\u0103<br \/>\nGrebl\u0103 sus\u0163ine c\u0103 dosarul deschis pe numele s\u0103u se bazeaz\u0103 doar pe afirma\u0163iile denun\u0163\u0103torului s\u0103u. Mai mult, Toni Grebl\u0103 spune c\u0103 \u00eencearc\u0103 s\u0103 afle ce se ascunde \u00een spatele acestei campanii de decredibilizare, bazate doar pe un dosar unde nu exist\u0103 probe concrete, \u00een afara acuza\u0163iei c\u0103 ar fi v\u00e2ndut ilegal 50 de capre.<br \/>\nDup\u0103 o noapte petrecut\u0103 \u00een arestul Capitalei, Toni Grebl\u0103 a plecat liber acas\u0103.<br \/>\n&#8220;Nu aveam nevoie de \u00eemprumuturi, nu apel\u0103m la intermediari ci la prieteni. Este o poveste halucinant\u0103. Nu \u015ftiu cine este cet\u0103\u0163eanul. Nu \u015ftiu ce interes are s\u0103-l apuce con\u015ftiin\u0163a revolu\u0163ionar\u0103. S\u0103 fac\u0103 drumul de la Ploie\u015fti ca s\u0103 spun\u0103 acest lucru care nu este adev\u0103rat cu at\u00e2t mai mult cu c\u00e2t am \u00een\u0163eles c\u0103 el s-ar fi temut de o eventual\u0103 implicare care ar putea fi considerat\u0103 ilegal\u0103. C\u00e2nd el putea s\u0103 pun\u0103 cap\u0103t discu\u0163iei avut\u0103 cu acest Adi, spun\u00e2nd c\u0103 nu dore\u015fte s\u0103 fac\u0103 un draft de contract \u00een aceste \u00eemprejur\u0103ri&#8221;<br \/>\nJudec\u0103torii de la Curtea Suprem\u0103 nu au considerat c\u0103 este nevoie s\u0103 impun\u0103 vreo m\u0103sur\u0103 restrictiv\u0103 asupra lui Toni Grebla, a\u015fa c\u0103 au respins cererea procurorilor de arest la domiciuliu.<br \/>\nProcurorii spun c\u0103 fostul judec\u0103tor CCR ar fi \u00eencercat s\u0103 v\u00e2nd\u0103 50 de capre, la pre\u0163ul de 300 de euro fiecare, ca s\u0103 scape de probele din dosarul de corup\u0163ie. Numai c\u0103 Toni Grebla spune c\u0103 nici m\u0103car nu a avut \u00een propietatea s\u0103 animalele.<br \/>\nDecizia judec\u0103torilor CCR de punere \u00een libertate a lui Grebla nu este definitiv\u0103 \u015fi poate fi atacat\u0103 \u00een 48 de ore.\n<\/div>\n<p> Source URL: https:\/\/observatornews.ro\/politic\/toni-grebla-despre-situatia-caprelor-cine-se-afla-in-spatele-denuntului-147621.html<\/p>\n","protected":false},"excerpt":{"rendered":"<p>Toni Grebl\u0103 a ajuns acas\u0103 dup\u0103 ce judec\u0103torii de la Curtea Suprem\u0103 au deciss\u0103 fie cercetat \u00een libertate. Fostul judec\u0103tor spune c\u0103 \u00ee\u015fi poate demonstra nevinov\u0103\u0163ia \u00een instan\u0163\u0103 Toni Grebl\u0103 a ajuns acas\u0103 dup\u0103 ce judec\u0103torii de la Curtea Suprem\u0103 au deciss\u0103 fie cercetat \u00een libertate. Fostul judec\u0103tor spune c\u0103 \u00ee\u015fi poate demonstra nevinov\u0103\u0163ia \u00een [&hellip;]<\/p>\n","protected":false},"author":1,"featured_media":0,"comment_status":"open","ping_status":"","sticky":false,"template":"","format":"standard","meta":{"footnotes":""},"categories":[2],"tags":[30],"class_list":["post-383306","post","type-post","status-publish","format-standard","hentry","category-politics","tag-observatornews-ro"],"_links":{"self":[{"href":"https:\/\/analyse.optim.biz\/index.php?rest_route=\/wp\/v2\/posts\/383306","targetHints":{"allow":["GET"]}}],"collection":[{"href":"https:\/\/analyse.optim.biz\/index.php?rest_route=\/wp\/v2\/posts"}],"about":[{"href":"https:\/\/analyse.optim.biz\/index.php?rest_route=\/wp\/v2\/types\/post"}],"author":[{"embeddable":true,"href":"https:\/\/analyse.optim.biz\/index.php?rest_route=\/wp\/v2\/users\/1"}],"replies":[{"embeddable":true,"href":"https:\/\/analyse.optim.biz\/index.php?rest_route=%2Fwp%2Fv2%2Fcomments&post=383306"}],"version-history":[{"count":0,"href":"https:\/\/analyse.optim.biz\/index.php?rest_route=\/wp\/v2\/posts\/383306\/revisions"}],"wp:attachment":[{"href":"https:\/\/analyse.optim.biz\/index.php?rest_route=%2Fwp%2Fv2%2Fmedia&parent=383306"}],"wp:term":[{"taxonomy":"category","embeddable":true,"href":"https:\/\/analyse.optim.biz\/index.php?rest_route=%2Fwp%2Fv2%2Fcategories&post=383306"},{"taxonomy":"post_tag","embeddable":true,"href":"https:\/\/analyse.optim.biz\/index.php?rest_route=%2Fwp%2Fv2%2Ftags&post=383306"}],"curies":[{"name":"wp","href":"https:\/\/api.w.org\/{rel}","templated":true}]}}