{"id":383234,"date":"2015-03-14T14:11:00","date_gmt":"2015-03-14T11:11:00","guid":{"rendered":"https:\/\/analyse.optim.biz\/?p=383234"},"modified":"2015-03-14T14:11:00","modified_gmt":"2015-03-14T11:11:00","slug":"oprea-in-activitatea-mea-si-am-fost-si-in-vreo-sase-guverne-numele-meu-nu-a-fost-legat-de-vreun-scandal","status":"publish","type":"post","link":"https:\/\/analyse.optim.biz\/?p=383234","title":{"rendered":"Oprea: \u00cen activitatea mea, \u0219i am fost \u0219i \u00een vreo \u0219ase guverne, numele meu nu a fost legat de vreun scandal"},"content":{"rendered":"<div class=\"description\" data-key=\"description\">Pre\u0219edintele Uniunii Na\u021bionale pentru Progresul Rom\u00e2niei (UNPR), Gabriel Oprea, a declarat s\u00e2mb\u0103t\u0103, la Poiana Bra\u0219ov, c\u0103 \u00een toat\u0103 activitatea sa politic\u0103 numele lui &#8220;nu a fost legat de vreun scandal&#8221;, pentru c\u0103 este jurist, militar \u0219i a c\u0103utat s\u0103 respecte legea<\/div>\n<div class=\"articleBody\" data-key=\"articleBody\">Pre\u0219edintele Uniunii Na\u021bionale pentru Progresul Rom\u00e2niei (UNPR), Gabriel Oprea, a declarat s\u00e2mb\u0103t\u0103, la Poiana Bra\u0219ov, c\u0103 \u00een toat\u0103 activitatea sa politic\u0103 numele lui &#8220;nu a fost legat de vreun scandal&#8221;, pentru c\u0103 este jurist, militar \u0219i a c\u0103utat s\u0103 respecte legea<br \/>\nLiderul UNPR a fost rugat s\u0103 comenteze \u0219i declara\u021bia Oanei Mizil, din ziua re\u021binerii lui Vanghelie, &#8220;Victore, Victore&#8230;&#8221;.<br \/>\n&#8220;Poate am mai avut \u0219i eu unele ie\u0219iri, dar am c\u0103utat s\u0103 nu spun nimic de nici un om politic, lucru care se poate verifica. De ce? Pentru c\u0103 m\u0103 intereseaz\u0103 proiectul meu politic. Te mai cer\u021bi cu nevasta acas\u0103, cu colegi din partid sau din politic\u0103, dar mi-am gestionat voin\u021ba s\u0103 merg mai departe \u00een proiectul meu, s\u0103 nu pronun\u021b nume, s\u0103 nu intru \u00een du\u0219m\u0103nii politice sau \u00een competi\u021bii politice. \u0218i cred c\u0103 mi-a prins bine \u0219i cred c\u0103, de aceea, UNPR este c\u0103utat. Via\u021ba politic\u0103 este spumoas\u0103 \u0219i dumneavoastr\u0103 din mass-media dori\u021bi c\u00e2t mai multe evenimente \u0219i este corect s\u0103 fie a\u0219a. Sunte\u021bi o putere \u00een stat&#8221;, a fost r\u0103spunsul pre\u0219edintelui UNPR.<br \/>\n\u00centrebat cum va vota UNPR \u00een cazul senatorului Dan \u0218ova, pentru care procurorii au cerut Senatului \u00eencuviin\u021barea re\u021binerii \u0219i arest\u0103rii preventive, Gabriel Oprea a spus c\u0103 &#8220;\u00eentotdeauna UNPR a respectat justi\u021bia&#8221;.<br \/>\nPre\u0219edintele UNPR, al\u0103turi de reprezentan\u021bi din conducerea partidului, a participat s\u00e2mb\u0103t\u0103, la Poiana Bra\u0219ov, la reuniunea na\u021bional\u0103 a organiza\u021biei de tineret a Uniunii Na\u021bionale pentru Progresul Rom\u00e2niei.\n<\/div>\n<p> Source URL: https:\/\/observatornews.ro\/politic\/oprea-in-activitatea-mea-i-am-fost-i-in-vreo-ase-guverne-numele-meu-nu-a-fost-legat-de-vreun-scandal-147799.html<\/p>\n","protected":false},"excerpt":{"rendered":"<p>Pre\u0219edintele Uniunii Na\u021bionale pentru Progresul Rom\u00e2niei (UNPR), Gabriel Oprea, a declarat s\u00e2mb\u0103t\u0103, la Poiana Bra\u0219ov, c\u0103 \u00een toat\u0103 activitatea sa politic\u0103 numele lui &#8220;nu a fost legat de vreun scandal&#8221;, pentru c\u0103 este jurist, militar \u0219i a c\u0103utat s\u0103 respecte legea Pre\u0219edintele Uniunii Na\u021bionale pentru Progresul Rom\u00e2niei (UNPR), Gabriel Oprea, a declarat s\u00e2mb\u0103t\u0103, la Poiana [&hellip;]<\/p>\n","protected":false},"author":1,"featured_media":0,"comment_status":"open","ping_status":"","sticky":false,"template":"","format":"standard","meta":{"footnotes":""},"categories":[2],"tags":[30],"class_list":["post-383234","post","type-post","status-publish","format-standard","hentry","category-politics","tag-observatornews-ro"],"_links":{"self":[{"href":"https:\/\/analyse.optim.biz\/index.php?rest_route=\/wp\/v2\/posts\/383234","targetHints":{"allow":["GET"]}}],"collection":[{"href":"https:\/\/analyse.optim.biz\/index.php?rest_route=\/wp\/v2\/posts"}],"about":[{"href":"https:\/\/analyse.optim.biz\/index.php?rest_route=\/wp\/v2\/types\/post"}],"author":[{"embeddable":true,"href":"https:\/\/analyse.optim.biz\/index.php?rest_route=\/wp\/v2\/users\/1"}],"replies":[{"embeddable":true,"href":"https:\/\/analyse.optim.biz\/index.php?rest_route=%2Fwp%2Fv2%2Fcomments&post=383234"}],"version-history":[{"count":0,"href":"https:\/\/analyse.optim.biz\/index.php?rest_route=\/wp\/v2\/posts\/383234\/revisions"}],"wp:attachment":[{"href":"https:\/\/analyse.optim.biz\/index.php?rest_route=%2Fwp%2Fv2%2Fmedia&parent=383234"}],"wp:term":[{"taxonomy":"category","embeddable":true,"href":"https:\/\/analyse.optim.biz\/index.php?rest_route=%2Fwp%2Fv2%2Fcategories&post=383234"},{"taxonomy":"post_tag","embeddable":true,"href":"https:\/\/analyse.optim.biz\/index.php?rest_route=%2Fwp%2Fv2%2Ftags&post=383234"}],"curies":[{"name":"wp","href":"https:\/\/api.w.org\/{rel}","templated":true}]}}