{"id":383233,"date":"2015-03-15T08:09:00","date_gmt":"2015-03-15T05:09:00","guid":{"rendered":"https:\/\/analyse.optim.biz\/?p=383233"},"modified":"2015-03-15T08:09:00","modified_gmt":"2015-03-15T05:09:00","slug":"fostul-presedinte-basescu-cere-remanierea-ministrului-valcov","status":"publish","type":"post","link":"https:\/\/analyse.optim.biz\/?p=383233","title":{"rendered":"Fostul pre\u0219edinte B\u0103sescu cere remanierea ministrului V\u00e2lcov"},"content":{"rendered":"<div class=\"description\" data-key=\"description\">Fostul pre\u0219edinte Traian B\u0103sescu cere remanierea ministrului Finan\u021belor, Darius V\u00e2lcov, dup\u0103 ce acesta a fost pus sub acuzare pentru trafic de influen\u021b\u0103<\/div>\n<div class=\"articleBody\" data-key=\"articleBody\">Fostul pre\u0219edinte Traian B\u0103sescu cere remanierea ministrului Finan\u021belor, Darius V\u00e2lcov, dup\u0103 ce acesta a fost pus sub acuzare pentru trafic de influen\u021b\u0103<br \/>\n&#8220;Domnule pre\u0219edinte Iohannis, domnule prim-ministru Ponta, \u0219tiu c\u0103 este weekend, dar ministrul de finan\u021be al Rom\u00e2niei a fost pus sub \u00eenvinuire pentru presupuse fapte de corup\u021bie (nu spun c\u0103 este vinovat). V\u0103 rog, \u00een\u021belege\u021bi c\u0103 orice or\u0103 \u00eent\u00e2rziere \u00een remanierea ministrului de Finan\u021be V\u00e2lcov are efecte grave de credibilitate politic\u0103 \u00een exterior, pe pie\u021bele financiare, dar \u0219i pe cursul de schimb. Face\u021bi remanierea domnului V\u00e2lcov \u00eenainte de ziua de luni&#8221;, a scris Traian B\u0103sescu pe o re\u021bea de socializare. <\/div>\n<p> Source URL: https:\/\/observatornews.ro\/politic\/fostul-preedinte-basescu-cere-remanierea-ministrului-valcov-147846.html<\/p>\n","protected":false},"excerpt":{"rendered":"<p>Fostul pre\u0219edinte Traian B\u0103sescu cere remanierea ministrului Finan\u021belor, Darius V\u00e2lcov, dup\u0103 ce acesta a fost pus sub acuzare pentru trafic de influen\u021b\u0103 Fostul pre\u0219edinte Traian B\u0103sescu cere remanierea ministrului Finan\u021belor, Darius V\u00e2lcov, dup\u0103 ce acesta a fost pus sub acuzare pentru trafic de influen\u021b\u0103 &#8220;Domnule pre\u0219edinte Iohannis, domnule prim-ministru Ponta, \u0219tiu c\u0103 este weekend, dar [&hellip;]<\/p>\n","protected":false},"author":1,"featured_media":0,"comment_status":"open","ping_status":"","sticky":false,"template":"","format":"standard","meta":{"footnotes":""},"categories":[2],"tags":[30],"class_list":["post-383233","post","type-post","status-publish","format-standard","hentry","category-politics","tag-observatornews-ro"],"_links":{"self":[{"href":"https:\/\/analyse.optim.biz\/index.php?rest_route=\/wp\/v2\/posts\/383233","targetHints":{"allow":["GET"]}}],"collection":[{"href":"https:\/\/analyse.optim.biz\/index.php?rest_route=\/wp\/v2\/posts"}],"about":[{"href":"https:\/\/analyse.optim.biz\/index.php?rest_route=\/wp\/v2\/types\/post"}],"author":[{"embeddable":true,"href":"https:\/\/analyse.optim.biz\/index.php?rest_route=\/wp\/v2\/users\/1"}],"replies":[{"embeddable":true,"href":"https:\/\/analyse.optim.biz\/index.php?rest_route=%2Fwp%2Fv2%2Fcomments&post=383233"}],"version-history":[{"count":0,"href":"https:\/\/analyse.optim.biz\/index.php?rest_route=\/wp\/v2\/posts\/383233\/revisions"}],"wp:attachment":[{"href":"https:\/\/analyse.optim.biz\/index.php?rest_route=%2Fwp%2Fv2%2Fmedia&parent=383233"}],"wp:term":[{"taxonomy":"category","embeddable":true,"href":"https:\/\/analyse.optim.biz\/index.php?rest_route=%2Fwp%2Fv2%2Fcategories&post=383233"},{"taxonomy":"post_tag","embeddable":true,"href":"https:\/\/analyse.optim.biz\/index.php?rest_route=%2Fwp%2Fv2%2Ftags&post=383233"}],"curies":[{"name":"wp","href":"https:\/\/api.w.org\/{rel}","templated":true}]}}