{"id":383232,"date":"2015-03-15T10:17:00","date_gmt":"2015-03-15T07:17:00","guid":{"rendered":"https:\/\/analyse.optim.biz\/?p=383232"},"modified":"2015-03-15T10:17:00","modified_gmt":"2015-03-15T07:17:00","slug":"fostul-portar-rica-raducanu-s-a-inscris-in-unpr","status":"publish","type":"post","link":"https:\/\/analyse.optim.biz\/?p=383232","title":{"rendered":"Fostul portar Ric\u0103 R\u0103ducanu s-a \u00eenscris \u00een UNPR"},"content":{"rendered":"<div class=\"description\" data-key=\"description\">Neculai On\u0163anu a anun\u0163at, duminic\u0103, c\u0103 fostul portar al Rapidului \u015fi al Na\u0163ionalei Ric\u0103 R\u0103ducanu s-a \u00eenscris \u00een UNPR<\/div>\n<div class=\"articleBody\" data-key=\"articleBody\">Neculai On\u0163anu a anun\u0163at, duminic\u0103, c\u0103 fostul portar al Rapidului \u015fi al Na\u0163ionalei Ric\u0103 R\u0103ducanu s-a \u00eenscris \u00een UNPR<br \/>\n&#8220;Ric\u0103 R\u0102DUCANU marea glorie a fotbalului rom\u00e2nesc s-a \u00eenscris \u00een UNPR. Este \u00een interesul na\u0163ional, \u00een aceast\u0103 perioad\u0103 c\u00e2nd parc\u0103 am uitat s\u0103 pre\u0163uim oamenii mari care au f\u0103cut cinste Rom\u00e2niei, s\u0103 ne apreciem valorile na\u0163ionale. Ric\u0103 R\u0102DUCANU este o valoare a tuturor rom\u00e2nilor&#8221;, a anun\u021bat, duminic\u0103, pe o re\u021bea de socializare, Neculai On\u0163anu, secretar general al UNPR \u015fi primar al sectorului 2 al Capitalei.<br \/>\nAnun\u0163ul este \u00eenso\u0163it de o fotografie cu Ric\u0103 R\u0103ducanu, \u00eentr-un restaurant cu specific rom\u00e2nesc, cu adeziunea la UNPR \u00een m\u00e2n\u0103.\n<\/div>\n<p> Source URL: https:\/\/observatornews.ro\/politic\/fostul-portar-rica-raducanu-sa-inscris-in-unpr-147849.html<\/p>\n","protected":false},"excerpt":{"rendered":"<p>Neculai On\u0163anu a anun\u0163at, duminic\u0103, c\u0103 fostul portar al Rapidului \u015fi al Na\u0163ionalei Ric\u0103 R\u0103ducanu s-a \u00eenscris \u00een UNPR Neculai On\u0163anu a anun\u0163at, duminic\u0103, c\u0103 fostul portar al Rapidului \u015fi al Na\u0163ionalei Ric\u0103 R\u0103ducanu s-a \u00eenscris \u00een UNPR &#8220;Ric\u0103 R\u0102DUCANU marea glorie a fotbalului rom\u00e2nesc s-a \u00eenscris \u00een UNPR. Este \u00een interesul na\u0163ional, \u00een aceast\u0103 [&hellip;]<\/p>\n","protected":false},"author":1,"featured_media":0,"comment_status":"open","ping_status":"","sticky":false,"template":"","format":"standard","meta":{"footnotes":""},"categories":[2],"tags":[30],"class_list":["post-383232","post","type-post","status-publish","format-standard","hentry","category-politics","tag-observatornews-ro"],"_links":{"self":[{"href":"https:\/\/analyse.optim.biz\/index.php?rest_route=\/wp\/v2\/posts\/383232","targetHints":{"allow":["GET"]}}],"collection":[{"href":"https:\/\/analyse.optim.biz\/index.php?rest_route=\/wp\/v2\/posts"}],"about":[{"href":"https:\/\/analyse.optim.biz\/index.php?rest_route=\/wp\/v2\/types\/post"}],"author":[{"embeddable":true,"href":"https:\/\/analyse.optim.biz\/index.php?rest_route=\/wp\/v2\/users\/1"}],"replies":[{"embeddable":true,"href":"https:\/\/analyse.optim.biz\/index.php?rest_route=%2Fwp%2Fv2%2Fcomments&post=383232"}],"version-history":[{"count":0,"href":"https:\/\/analyse.optim.biz\/index.php?rest_route=\/wp\/v2\/posts\/383232\/revisions"}],"wp:attachment":[{"href":"https:\/\/analyse.optim.biz\/index.php?rest_route=%2Fwp%2Fv2%2Fmedia&parent=383232"}],"wp:term":[{"taxonomy":"category","embeddable":true,"href":"https:\/\/analyse.optim.biz\/index.php?rest_route=%2Fwp%2Fv2%2Fcategories&post=383232"},{"taxonomy":"post_tag","embeddable":true,"href":"https:\/\/analyse.optim.biz\/index.php?rest_route=%2Fwp%2Fv2%2Ftags&post=383232"}],"curies":[{"name":"wp","href":"https:\/\/api.w.org\/{rel}","templated":true}]}}