{"id":383231,"date":"2015-03-15T11:03:00","date_gmt":"2015-03-15T08:03:00","guid":{"rendered":"https:\/\/analyse.optim.biz\/?p=383231"},"modified":"2015-03-15T11:03:00","modified_gmt":"2015-03-15T08:03:00","slug":"traian-basescu-citat-de-procurori-pentru-a-fi-audiat-in-dosarul-de-santaj","status":"publish","type":"post","link":"https:\/\/analyse.optim.biz\/?p=383231","title":{"rendered":"Traian B\u0103sescu, citat de procurori, pentru a fi audiat \u00een dosarul de \u015fantaj"},"content":{"rendered":"<div class=\"description\" data-key=\"description\">Fostul pre\u015fedinte Traian B\u0103sescu a fost citat de procurorii Parchetului de pe l\u00e2ng\u0103 instan\u0163a suprem\u0103, pentru a fi audiat \u00een dosarul \u00een care senatorul Gabriela Firea \u00eel acuz\u0103 de \u015fantaj<\/div>\n<div class=\"articleBody\" data-key=\"articleBody\">Fostul pre\u015fedinte Traian B\u0103sescu a fost citat de procurorii Parchetului de pe l\u00e2ng\u0103 instan\u0163a suprem\u0103, pentru a fi audiat \u00een dosarul \u00een care senatorul Gabriela Firea \u00eel acuz\u0103 de \u015fantaj<br \/>\nAvocatul parlamentului Gabrielei Firea, Lucian Bolca\u015f a precizat c\u0103 Traian B\u0103sescu a fost citat de procurori pentru a da explica\u0163ii \u00een acest dosar \u015fi ar urma s\u0103 se prezinte la audieri \u00een cursul zilei de miercuri.<br \/>\n&#8220;E dreptul p\u0103r\u0163ii v\u0103t\u0103mate s\u0103 asiste la etapele de procedur\u0103 \u015fi am s\u0103 \u00eemi exercit acest drept&#8221;, a afirmat Lucian Bolca\u015f.\n<\/div>\n<p> Source URL: https:\/\/observatornews.ro\/politic\/traian-basescu-citat-de-procurori-pentru-a-fi-audiat-in-dosarul-de-santaj-147851.html<\/p>\n","protected":false},"excerpt":{"rendered":"<p>Fostul pre\u015fedinte Traian B\u0103sescu a fost citat de procurorii Parchetului de pe l\u00e2ng\u0103 instan\u0163a suprem\u0103, pentru a fi audiat \u00een dosarul \u00een care senatorul Gabriela Firea \u00eel acuz\u0103 de \u015fantaj Fostul pre\u015fedinte Traian B\u0103sescu a fost citat de procurorii Parchetului de pe l\u00e2ng\u0103 instan\u0163a suprem\u0103, pentru a fi audiat \u00een dosarul \u00een care senatorul Gabriela [&hellip;]<\/p>\n","protected":false},"author":1,"featured_media":0,"comment_status":"open","ping_status":"","sticky":false,"template":"","format":"standard","meta":{"footnotes":""},"categories":[2],"tags":[30],"class_list":["post-383231","post","type-post","status-publish","format-standard","hentry","category-politics","tag-observatornews-ro"],"_links":{"self":[{"href":"https:\/\/analyse.optim.biz\/index.php?rest_route=\/wp\/v2\/posts\/383231","targetHints":{"allow":["GET"]}}],"collection":[{"href":"https:\/\/analyse.optim.biz\/index.php?rest_route=\/wp\/v2\/posts"}],"about":[{"href":"https:\/\/analyse.optim.biz\/index.php?rest_route=\/wp\/v2\/types\/post"}],"author":[{"embeddable":true,"href":"https:\/\/analyse.optim.biz\/index.php?rest_route=\/wp\/v2\/users\/1"}],"replies":[{"embeddable":true,"href":"https:\/\/analyse.optim.biz\/index.php?rest_route=%2Fwp%2Fv2%2Fcomments&post=383231"}],"version-history":[{"count":0,"href":"https:\/\/analyse.optim.biz\/index.php?rest_route=\/wp\/v2\/posts\/383231\/revisions"}],"wp:attachment":[{"href":"https:\/\/analyse.optim.biz\/index.php?rest_route=%2Fwp%2Fv2%2Fmedia&parent=383231"}],"wp:term":[{"taxonomy":"category","embeddable":true,"href":"https:\/\/analyse.optim.biz\/index.php?rest_route=%2Fwp%2Fv2%2Fcategories&post=383231"},{"taxonomy":"post_tag","embeddable":true,"href":"https:\/\/analyse.optim.biz\/index.php?rest_route=%2Fwp%2Fv2%2Ftags&post=383231"}],"curies":[{"name":"wp","href":"https:\/\/api.w.org\/{rel}","templated":true}]}}