{"id":383176,"date":"2015-03-16T15:21:00","date_gmt":"2015-03-16T12:21:00","guid":{"rendered":"https:\/\/analyse.optim.biz\/?p=383176"},"modified":"2015-03-16T15:21:00","modified_gmt":"2015-03-16T12:21:00","slug":"ponta-despre-noul-cod-fiscal-e-decizia-autoritatilor-locale-sa-scada-sau-sa-creasca-taxele","status":"publish","type":"post","link":"https:\/\/analyse.optim.biz\/?p=383176","title":{"rendered":"Ponta, despre noul Cod fiscal: E decizia autorit\u0103\u021bilor locale s\u0103 scad\u0103 sau s\u0103 creasc\u0103 taxele"},"content":{"rendered":"<div class=\"description\" data-key=\"description\">Premierul Victor Ponta a declarat, luni, c\u0103 noul Cod fiscal va l\u0103sa la latitudinea autorit\u0103\u021bilor locale s\u0103 decid\u0103 asupra sc\u0103derii sau major\u0103rii taxelor<\/div>\n<div class=\"articleBody\" data-key=\"articleBody\">Premierul Victor Ponta a declarat, luni, c\u0103 noul Cod fiscal va l\u0103sa la latitudinea autorit\u0103\u021bilor locale s\u0103 decid\u0103 asupra sc\u0103derii sau major\u0103rii taxelor<br \/>\n&#8220;Evident c\u0103 a \u00eenceput campania, propaganda (&#8230;). Pove\u0219ti nemuritoare. De exemplu, azi s-a spus foarte clar c\u0103 ceea ce era prev\u0103zut \u00een lege, ca o dat\u0103 la trei ani, s\u0103 indexeze Guvernul, prin HG, se trece \u00een Codul fiscal \u0219i autorit\u0103\u021bile locale pot s\u0103 ia decizii. E decizia autorit\u0103\u021bilor locale \u2014 pot s\u0103 le scad\u0103 (taxele \u2014 n.r.), sau pot s\u0103 le creasc\u0103, \u00een func\u021bie de cum consider\u0103. Dar, a \u00eenceput propaganda, vai ce r\u0103u e&#8230; P\u00e2n\u0103 acum a fost bun Codul, acum nu mai e bun. Forma final\u0103 se discut\u0103 \u00een Parlament, dar repet: un principiu, la care am \u021binut foarte mult \u0219i care va fi \u00een Coduri, se refer\u0103 la faptul c\u0103, dac\u0103 autorit\u0103\u021bile locale consider\u0103 c\u0103 e bine, pot s\u0103 scad\u0103 toate taxele, sau pot s\u0103 le creasc\u0103, \u00een ni\u0219te limite normale&#8221;, a declarat Ponta, potrivit Agerpres, la Senat, \u00eentrebat fiind dac\u0103 taxele locale vor fi majorate odat\u0103 cu intrarea \u00een vigoare a noului Cod fiscal.<br \/>\nPremierul a ad\u0103ugat c\u0103 proiectul Codului fiscal \u0219i al Codului de procedur\u0103 fiscal\u0103 reprezint\u0103 &#8220;cea mai important\u0103 ac\u021biune a coali\u021biei din aceast\u0103 sesiune parlamentar\u0103&#8221;.<br \/>\nVictor Ponta a \u021binut s\u0103 sublinieze, totodat\u0103, faptul c\u0103, la Senat \u0219i la Camera Deputa\u021bilor, &#8220;coali\u021bia a reu\u0219it s\u0103 treac\u0103 tot ce era important din programul legislativ&#8221; \u0219i c\u0103 el, la Guvern, se ocup\u0103 &#8220;de p\u00e2ine, ca oamenii s\u0103 aib\u0103 p\u00e2ine, iar show-ul este asigurat de al\u021bii&#8221;.<br \/>\n&#8220;A fost \u00eent\u00e2lnirea s\u0103pt\u0103m\u00e2nal\u0103 a coali\u021biei de guvernare \u0219i am discutat ce mai avem ca priorit\u0103\u021bi legislative p\u00e2n\u0103 la Pa\u0219te, pentru c\u0103 va fi Pa\u0219tele catolic \u0219i cel ortodox, \u0219i am asigurat c\u0103, s\u0103pt\u0103m\u00e2na viitoare, vor avea la Senat, pentru c\u0103 Senatul este prima Camer\u0103 sesizat\u0103, cele dou\u0103 Coduri \u2014 Codul fiscal \u0219i Codul de procedur\u0103 fiscal\u0103. Am discutat cum ne organiz\u0103m \u00een comisii, dac\u0103 sunt amendamente, dac\u0103 sunt lucruri de \u00eendreptat \u00een a\u0219a fel \u00eenc\u00e2t s\u0103 respect\u0103m calendarul pentru cea mai important\u0103 ac\u021biune a coali\u021biei din aceast\u0103 sesiune parlamentar\u0103&#8221;, a explicat Ponta.\n<\/div>\n<p> Source URL: https:\/\/observatornews.ro\/politic\/ponta-despre-noul-cod-fiscal-e-decizia-autoritailor-locale-sa-scada-sau-sa-creasca-taxele-147944.html<\/p>\n","protected":false},"excerpt":{"rendered":"<p>Premierul Victor Ponta a declarat, luni, c\u0103 noul Cod fiscal va l\u0103sa la latitudinea autorit\u0103\u021bilor locale s\u0103 decid\u0103 asupra sc\u0103derii sau major\u0103rii taxelor Premierul Victor Ponta a declarat, luni, c\u0103 noul Cod fiscal va l\u0103sa la latitudinea autorit\u0103\u021bilor locale s\u0103 decid\u0103 asupra sc\u0103derii sau major\u0103rii taxelor &#8220;Evident c\u0103 a \u00eenceput campania, propaganda (&#8230;). Pove\u0219ti nemuritoare. [&hellip;]<\/p>\n","protected":false},"author":1,"featured_media":383178,"comment_status":"open","ping_status":"","sticky":false,"template":"","format":"standard","meta":{"footnotes":""},"categories":[2],"tags":[30],"class_list":["post-383176","post","type-post","status-publish","format-standard","has-post-thumbnail","hentry","category-politics","tag-observatornews-ro"],"_links":{"self":[{"href":"https:\/\/analyse.optim.biz\/index.php?rest_route=\/wp\/v2\/posts\/383176","targetHints":{"allow":["GET"]}}],"collection":[{"href":"https:\/\/analyse.optim.biz\/index.php?rest_route=\/wp\/v2\/posts"}],"about":[{"href":"https:\/\/analyse.optim.biz\/index.php?rest_route=\/wp\/v2\/types\/post"}],"author":[{"embeddable":true,"href":"https:\/\/analyse.optim.biz\/index.php?rest_route=\/wp\/v2\/users\/1"}],"replies":[{"embeddable":true,"href":"https:\/\/analyse.optim.biz\/index.php?rest_route=%2Fwp%2Fv2%2Fcomments&post=383176"}],"version-history":[{"count":0,"href":"https:\/\/analyse.optim.biz\/index.php?rest_route=\/wp\/v2\/posts\/383176\/revisions"}],"wp:featuredmedia":[{"embeddable":true,"href":"https:\/\/analyse.optim.biz\/index.php?rest_route=\/wp\/v2\/media\/383178"}],"wp:attachment":[{"href":"https:\/\/analyse.optim.biz\/index.php?rest_route=%2Fwp%2Fv2%2Fmedia&parent=383176"}],"wp:term":[{"taxonomy":"category","embeddable":true,"href":"https:\/\/analyse.optim.biz\/index.php?rest_route=%2Fwp%2Fv2%2Fcategories&post=383176"},{"taxonomy":"post_tag","embeddable":true,"href":"https:\/\/analyse.optim.biz\/index.php?rest_route=%2Fwp%2Fv2%2Ftags&post=383176"}],"curies":[{"name":"wp","href":"https:\/\/api.w.org\/{rel}","templated":true}]}}