{"id":382993,"date":"2015-03-19T15:37:00","date_gmt":"2015-03-19T12:37:00","guid":{"rendered":"https:\/\/analyse.optim.biz\/?p=382993"},"modified":"2015-03-19T15:37:00","modified_gmt":"2015-03-19T12:37:00","slug":"ponta-anunta-ca-i-a-acceptat-demisia-lui-valcov","status":"publish","type":"post","link":"https:\/\/analyse.optim.biz\/?p=382993","title":{"rendered":"Ponta anun\u021b\u0103 c\u0103 i-a acceptat demisia lui V\u00e2lcov"},"content":{"rendered":"<div class=\"description\" data-key=\"description\">Premierul Victor Ponta a scris joi pe Twitter c\u0103 i-a aprobat demisia ministrului Finan\u021belor, Darius V\u00e2lcov, dup\u0103 ce DNA a cerut sesizarea Senatului pentru \u00eencuviin\u021barea re\u021binerii \u0219i arest\u0103rii preventive a acestuia<\/div>\n<div class=\"articleBody\" data-key=\"articleBody\">Premierul Victor Ponta a scris joi pe Twitter c\u0103 i-a aprobat demisia ministrului Finan\u021belor, Darius V\u00e2lcov, dup\u0103 ce DNA a cerut sesizarea Senatului pentru \u00eencuviin\u021barea re\u021binerii \u0219i arest\u0103rii preventive a acestuia<br \/>\n&#8220;Av\u00e2nd \u00een vedere noua cerere a DNA am aprobat demisia dlui V\u00e2lcov! Voi prezenta \u00een cel mai scurt timp pre\u0219. Iohannis o noua propunere pentru MFP&#8221;, a precizat Victor Ponta.<br \/>\nV\u00e2lcov este cercetat de DNA \u00eentr-un dosar cu privire la s\u0103v\u00e2r\u0219irea infrac\u021biunii de trafic de influen\u021b\u0103.<\/div>\n<p> Source URL: https:\/\/observatornews.ro\/politic\/ponta-anuna-ca-ia-acceptat-demisia-lui-valcov-148202.html<\/p>\n","protected":false},"excerpt":{"rendered":"<p>Premierul Victor Ponta a scris joi pe Twitter c\u0103 i-a aprobat demisia ministrului Finan\u021belor, Darius V\u00e2lcov, dup\u0103 ce DNA a cerut sesizarea Senatului pentru \u00eencuviin\u021barea re\u021binerii \u0219i arest\u0103rii preventive a acestuia Premierul Victor Ponta a scris joi pe Twitter c\u0103 i-a aprobat demisia ministrului Finan\u021belor, Darius V\u00e2lcov, dup\u0103 ce DNA a cerut sesizarea Senatului pentru [&hellip;]<\/p>\n","protected":false},"author":1,"featured_media":382994,"comment_status":"open","ping_status":"","sticky":false,"template":"","format":"standard","meta":{"footnotes":""},"categories":[2],"tags":[30],"class_list":["post-382993","post","type-post","status-publish","format-standard","has-post-thumbnail","hentry","category-politics","tag-observatornews-ro"],"_links":{"self":[{"href":"https:\/\/analyse.optim.biz\/index.php?rest_route=\/wp\/v2\/posts\/382993","targetHints":{"allow":["GET"]}}],"collection":[{"href":"https:\/\/analyse.optim.biz\/index.php?rest_route=\/wp\/v2\/posts"}],"about":[{"href":"https:\/\/analyse.optim.biz\/index.php?rest_route=\/wp\/v2\/types\/post"}],"author":[{"embeddable":true,"href":"https:\/\/analyse.optim.biz\/index.php?rest_route=\/wp\/v2\/users\/1"}],"replies":[{"embeddable":true,"href":"https:\/\/analyse.optim.biz\/index.php?rest_route=%2Fwp%2Fv2%2Fcomments&post=382993"}],"version-history":[{"count":0,"href":"https:\/\/analyse.optim.biz\/index.php?rest_route=\/wp\/v2\/posts\/382993\/revisions"}],"wp:featuredmedia":[{"embeddable":true,"href":"https:\/\/analyse.optim.biz\/index.php?rest_route=\/wp\/v2\/media\/382994"}],"wp:attachment":[{"href":"https:\/\/analyse.optim.biz\/index.php?rest_route=%2Fwp%2Fv2%2Fmedia&parent=382993"}],"wp:term":[{"taxonomy":"category","embeddable":true,"href":"https:\/\/analyse.optim.biz\/index.php?rest_route=%2Fwp%2Fv2%2Fcategories&post=382993"},{"taxonomy":"post_tag","embeddable":true,"href":"https:\/\/analyse.optim.biz\/index.php?rest_route=%2Fwp%2Fv2%2Ftags&post=382993"}],"curies":[{"name":"wp","href":"https:\/\/api.w.org\/{rel}","templated":true}]}}