{"id":382962,"date":"2015-03-19T19:12:00","date_gmt":"2015-03-19T16:12:00","guid":{"rendered":"https:\/\/analyse.optim.biz\/?p=382962"},"modified":"2015-03-19T19:12:00","modified_gmt":"2015-03-19T16:12:00","slug":"laura-voicu-avocata-alinei-bica-retinuta","status":"publish","type":"post","link":"https:\/\/analyse.optim.biz\/?p=382962","title":{"rendered":"Laura Voicu, avocata Alinei Bica, re\u021binut\u0103"},"content":{"rendered":"<div class=\"description\" data-key=\"description\">Procurorii DNA au re\u021binut-o joi pe Laura Voicu, avocata fostei \u0219efe a DIICOT Alina Bica, pentru favorizarea f\u0103ptuitorului \u0219i instigare la infrac\u021biunea de exercitare f\u0103r\u0103 drept a unei profesii sau activit\u0103\u021bi<\/div>\n<div class=\"articleBody\" data-key=\"articleBody\">Procurorii DNA au re\u021binut-o joi pe Laura Voicu, avocata fostei \u0219efe a DIICOT Alina Bica, pentru favorizarea f\u0103ptuitorului \u0219i instigare la infrac\u021biunea de exercitare f\u0103r\u0103 drept a unei profesii sau activit\u0103\u021bi<br \/>\nEa va fi prezentat\u0103 vineri cu propunere de arestare preventiv\u0103 pentru 30 de zile la Curtea de Apel Bucure\u0219ti.<br \/>\n\u00cen dosar s-a dispus urm\u0103rirea penal\u0103 fa\u021b\u0103 de Niculae Learciu, pentru exercitare f\u0103r\u0103 drept a unei profesii sau activit\u0103\u021bi.<br \/>\nPotrivit unui comunicat al DNA, Laura Voicu, ap\u0103r\u0103tor ales al inculpatei Deaconu Georgia Ioana, arestat\u0103 preventiv \u00eentr-un dosar instrumentat de procurorii anticorup\u021bie, cunosc\u00e2nd faptul c\u0103 Niculae Learciu nu de\u021bine calitatea de avocat, fiind \u00eenscris \u00een a\u0219a-numitul &#8220;Barou constitu\u021bional&#8221;, l-a desemnat pe acesta s\u0103 participe la activit\u0103\u021bi de urm\u0103rire penal\u0103 ce urmau a se desf\u0103\u0219ura la sediul DNA \u00een dosarul nr. 189\/ P\/ 2012, precum \u0219i, \u00een repetate r\u00e2nduri, \u00een alte cauze.<br \/>\n&#8220;Din dispozi\u021bia inculpatei Voicu, Niculae Learciu a exercitat \u0219i alte activit\u0103\u021bi ce \u021bin de profesia de avocat, prezent\u00e2ndu-se la termene de gref\u0103 \u00een Serviciul de re\u021binere \u0219i arestare preventiv\u0103, unde a acordat asisten\u021b\u0103 juridic\u0103 mai multor clien\u021bi ai acesteia.<br \/>\n\u00cen acest mod, cu referire la dosarul 189\/ P\/ 2012, Laura Voicu a creat condi\u021biile necesare pentru tergiversarea urm\u0103ririi penale, prin punerea procurorilor \u00een situa\u021bia de a proceda la refacerea actelor de urm\u0103rire efectuate cu inculpata din dosarul respectiv, lipsit\u0103 de asisten\u021b\u0103 juridic\u0103. Prin prezentarea lui Niculae Learciu ca avocat, Laura Voicu a urm\u0103rit \u0219i posibila \u00eenl\u0103turare a unor probe care ar fi putut fi valorificate \u00een urma desigil\u0103rii sacilor \u00een care acestea se aflau, \u00eentruc\u00e2t aceast\u0103 opera\u021bie nu ar mai fi putut fi ref\u0103cut\u0103, iar lipsa ap\u0103r\u0103rii inculpatei arestate ar fi atras nelegalitatea ob\u021binerii lor, cu consecin\u021ba imposibilit\u0103\u021bii utiliz\u0103rii acestora ca mijloace de prob\u0103 \u00een cauza nr. 189\/P \/2012 a DNA&#8221;, se spune \u00een document.<\/div>\n<p> Source URL: https:\/\/observatornews.ro\/politic\/laura-voicu-avocata-alinei-bica-reinuta-148233.html<\/p>\n","protected":false},"excerpt":{"rendered":"<p>Procurorii DNA au re\u021binut-o joi pe Laura Voicu, avocata fostei \u0219efe a DIICOT Alina Bica, pentru favorizarea f\u0103ptuitorului \u0219i instigare la infrac\u021biunea de exercitare f\u0103r\u0103 drept a unei profesii sau activit\u0103\u021bi Procurorii DNA au re\u021binut-o joi pe Laura Voicu, avocata fostei \u0219efe a DIICOT Alina Bica, pentru favorizarea f\u0103ptuitorului \u0219i instigare la infrac\u021biunea de exercitare [&hellip;]<\/p>\n","protected":false},"author":1,"featured_media":0,"comment_status":"open","ping_status":"","sticky":false,"template":"","format":"standard","meta":{"footnotes":""},"categories":[2],"tags":[30],"class_list":["post-382962","post","type-post","status-publish","format-standard","hentry","category-politics","tag-observatornews-ro"],"_links":{"self":[{"href":"https:\/\/analyse.optim.biz\/index.php?rest_route=\/wp\/v2\/posts\/382962","targetHints":{"allow":["GET"]}}],"collection":[{"href":"https:\/\/analyse.optim.biz\/index.php?rest_route=\/wp\/v2\/posts"}],"about":[{"href":"https:\/\/analyse.optim.biz\/index.php?rest_route=\/wp\/v2\/types\/post"}],"author":[{"embeddable":true,"href":"https:\/\/analyse.optim.biz\/index.php?rest_route=\/wp\/v2\/users\/1"}],"replies":[{"embeddable":true,"href":"https:\/\/analyse.optim.biz\/index.php?rest_route=%2Fwp%2Fv2%2Fcomments&post=382962"}],"version-history":[{"count":0,"href":"https:\/\/analyse.optim.biz\/index.php?rest_route=\/wp\/v2\/posts\/382962\/revisions"}],"wp:attachment":[{"href":"https:\/\/analyse.optim.biz\/index.php?rest_route=%2Fwp%2Fv2%2Fmedia&parent=382962"}],"wp:term":[{"taxonomy":"category","embeddable":true,"href":"https:\/\/analyse.optim.biz\/index.php?rest_route=%2Fwp%2Fv2%2Fcategories&post=382962"},{"taxonomy":"post_tag","embeddable":true,"href":"https:\/\/analyse.optim.biz\/index.php?rest_route=%2Fwp%2Fv2%2Ftags&post=382962"}],"curies":[{"name":"wp","href":"https:\/\/api.w.org\/{rel}","templated":true}]}}