{"id":382959,"date":"2015-03-19T19:15:00","date_gmt":"2015-03-19T16:15:00","guid":{"rendered":"https:\/\/analyse.optim.biz\/?p=382959"},"modified":"2015-03-19T19:15:00","modified_gmt":"2015-03-19T16:15:00","slug":"toni-grebla-ramane-in-libertate","status":"publish","type":"post","link":"https:\/\/analyse.optim.biz\/?p=382959","title":{"rendered":"Toni Grebl\u0103 r\u0103m\u00e2ne \u00een libertate"},"content":{"rendered":"<div class=\"description\" data-key=\"description\">Fostul judec\u0103tor CCR Toni Grebl\u0103 va fi cercetat \u00een continuare \u00een stare de libertate, dup\u0103 ce magistra\u021bii \u00cenaltei Cur\u021bi de Casa\u021bie \u0219i Justi\u021bie au respins joi contesta\u021bia DNA, decizia fiind definitiv\u0103<\/div>\n<div class=\"articleBody\" data-key=\"articleBody\">\nFostul judec\u0103tor CCR Toni Grebl\u0103 va fi cercetat \u00een continuare \u00een stare de libertate, dup\u0103 ce magistra\u021bii \u00cenaltei Cur\u021bi de Casa\u021bie \u0219i Justi\u021bie au respins joi contesta\u021bia DNA, decizia fiind definitiv\u0103<br \/>\nPe 11 martie, \u00ceCCJ a respins cererea DNA de arestare la domiciliu a lui Toni Grebl\u0103, \u00eens\u0103 DNA a f\u0103cut contesta\u021bie, respins\u0103 joi de un alt complet de la Curtea Suprem\u0103.<br \/>\nLa sf\u00e2r\u0219itul procesului de joi, Toni Grebl\u0103 a declarat, \u00een leg\u0103tur\u0103 cu acuza\u021bia DNA c\u0103 ar fi \u00eencercat s\u0103 v\u00e2nd\u0103 50 de capre, c\u0103 aceasta este &#8220;o poveste&#8221; \u0219i nu exist\u0103 niciun argument ra\u021bional ca \u00eempotriva lui s\u0103 fie luat\u0103 o m\u0103sur\u0103 preventiv\u0103.<br \/>\n&#8220;Caprele exist\u0103 acolo unde au fost. Se zice c\u0103 a\u0219 fi \u00eencercat s\u0103 \u00eenstr\u0103inez aceste capre pentru a ob\u021bine un avans de 5.000 euro pentru un \u00eemprumut. Nu aveam nevoie de \u00eemprumut. Un avocat de prin Ploie\u0219ti, pe care nu \u00eel cunosc, s-ar fi oferit s\u0103 fac\u0103 un proiect de contract, fie de \u00eemprumut, fie de v\u00e2nzare-cump\u0103rare, nu am \u00een\u021beles prea bine despre ce e vorba, pentru c\u0103 nu auzisem \u00een via\u021ba mea de acel avocat, \u0219i l-a\u0219 fi rugat pe el prin intermediar. Dac\u0103 a\u0219 fi dorit un proiect de v\u00e2nzare-cump\u0103rare, l-a\u0219 fi f\u0103cut eu \u0219i nu a\u0219 fi apelat la nu \u0219tiu cine din Ploie\u0219ti&#8221;, a spus Toni Grebl\u0103.<br \/>\nFostul judec\u0103tor constitu\u021bional a fost re\u021binut de procurori pe 10 martie, fiind acuzat de trafic de influen\u021b\u0103, \u00een form\u0103 continuat\u0103, efectuare de opera\u021biuni financiare ca acte de comer\u021b incompatibile cu func\u021bia \u00een scopul ob\u021binerii pentru sine \u0219i pentru altul de bani, bunuri sau alte foloase necuvenite (2 infrac\u021biuni), constituirea unui grup infrac\u021bional organizat (\u00een forma constituirii \u0219i \u00een vederea preg\u0103tirii infrac\u021biunii de folosire, la autoritatea vamal\u0103, a documentelor vamale de transport sau comerciale falsificate).<br \/>\nUlterior, DNA a cerut \u00een instan\u021b\u0103 ca Toni Grebl\u0103 s\u0103 stea \u00een arest la domiciliu, motivul invocat de procurori fiind faptul c\u0103 el a \u00eencercat s\u0103 v\u00e2nd\u0103 animale (capre) de la ferma sa din jude\u021bul Gorj, de\u0219i primise interdic\u021bie de a efectua acte de comer\u021b.<br \/>\nConcret, pe 13 februarie 2015, un avocat a fost contactat pentru \u00eencheierea unui contract de v\u00e2nzare \u2014 cump\u0103rare, implicat fiind judec\u0103torul Toni Grebl\u0103, care a f\u0103cut demersuri pentru a \u00eenstr\u0103ina caprele c\u0103tre un cump\u0103r\u0103tor din Bra\u0219ov, om de afaceri.<br \/>\nAnchetatorii mai ar\u0103tau c\u0103, \u00eentruc\u00e2t Grebl\u0103 avea probleme judiciare, nu \u00ee\u0219i dorea s\u0103 apar\u0103 \u00een act, motiv pentru care el \u0219i Daniel Frunz\u0103 c\u0103utau fiecare c\u00e2te o persoan\u0103 interpus\u0103 care s\u0103 \u00eei substituie at\u00e2t ca v\u00e2nz\u0103tor, c\u00e2t \u0219i \u00een calitate de cump\u0103r\u0103tor.<\/div>\n<p> Source URL: https:\/\/observatornews.ro\/politic\/toni-grebla-ramane-in-libertate-148234.html<\/p>\n","protected":false},"excerpt":{"rendered":"<p>Fostul judec\u0103tor CCR Toni Grebl\u0103 va fi cercetat \u00een continuare \u00een stare de libertate, dup\u0103 ce magistra\u021bii \u00cenaltei Cur\u021bi de Casa\u021bie \u0219i Justi\u021bie au respins joi contesta\u021bia DNA, decizia fiind definitiv\u0103 Fostul judec\u0103tor CCR Toni Grebl\u0103 va fi cercetat \u00een continuare \u00een stare de libertate, dup\u0103 ce magistra\u021bii \u00cenaltei Cur\u021bi de Casa\u021bie \u0219i Justi\u021bie au [&hellip;]<\/p>\n","protected":false},"author":1,"featured_media":382961,"comment_status":"open","ping_status":"","sticky":false,"template":"","format":"standard","meta":{"footnotes":""},"categories":[2],"tags":[30],"class_list":["post-382959","post","type-post","status-publish","format-standard","has-post-thumbnail","hentry","category-politics","tag-observatornews-ro"],"_links":{"self":[{"href":"https:\/\/analyse.optim.biz\/index.php?rest_route=\/wp\/v2\/posts\/382959","targetHints":{"allow":["GET"]}}],"collection":[{"href":"https:\/\/analyse.optim.biz\/index.php?rest_route=\/wp\/v2\/posts"}],"about":[{"href":"https:\/\/analyse.optim.biz\/index.php?rest_route=\/wp\/v2\/types\/post"}],"author":[{"embeddable":true,"href":"https:\/\/analyse.optim.biz\/index.php?rest_route=\/wp\/v2\/users\/1"}],"replies":[{"embeddable":true,"href":"https:\/\/analyse.optim.biz\/index.php?rest_route=%2Fwp%2Fv2%2Fcomments&post=382959"}],"version-history":[{"count":0,"href":"https:\/\/analyse.optim.biz\/index.php?rest_route=\/wp\/v2\/posts\/382959\/revisions"}],"wp:featuredmedia":[{"embeddable":true,"href":"https:\/\/analyse.optim.biz\/index.php?rest_route=\/wp\/v2\/media\/382961"}],"wp:attachment":[{"href":"https:\/\/analyse.optim.biz\/index.php?rest_route=%2Fwp%2Fv2%2Fmedia&parent=382959"}],"wp:term":[{"taxonomy":"category","embeddable":true,"href":"https:\/\/analyse.optim.biz\/index.php?rest_route=%2Fwp%2Fv2%2Fcategories&post=382959"},{"taxonomy":"post_tag","embeddable":true,"href":"https:\/\/analyse.optim.biz\/index.php?rest_route=%2Fwp%2Fv2%2Ftags&post=382959"}],"curies":[{"name":"wp","href":"https:\/\/api.w.org\/{rel}","templated":true}]}}