{"id":382955,"date":"2015-03-19T20:46:00","date_gmt":"2015-03-19T17:46:00","guid":{"rendered":"https:\/\/analyse.optim.biz\/?p=382955"},"modified":"2015-03-19T20:46:00","modified_gmt":"2015-03-19T17:46:00","slug":"radu-mazare-a-demisionat-din-functia-de-presedinte-al-psd-constanta","status":"publish","type":"post","link":"https:\/\/analyse.optim.biz\/?p=382955","title":{"rendered":"Radu Maz\u0103re a DEMISIONAT din func\u0163ia de pre\u015fedinte al PSD Constan\u0163a"},"content":{"rendered":"<div class=\"description\" data-key=\"description\">Primarul Constan\u0163ei, Radu Maz\u0103re, a anun\u0163at, joi sear\u0103, c\u0103 a demisionat din func\u0163ia de pre\u015fedinte al PSD Constan\u0163a, pe care o ocupa din anul 2003, preciz\u00e2nd \u00eens\u0103 c\u0103 r\u0103m\u00e2ne \u00een continuare membru al partidului<\/div>\n<div class=\"articleBody\" data-key=\"articleBody\">\nPrimarul Constan\u0163ei, Radu Maz\u0103re, a anun\u0163at, joi sear\u0103, c\u0103 a demisionat din func\u0163ia de pre\u015fedinte al PSD Constan\u0163a, pe care o ocupa din anul 2003, preciz\u00e2nd \u00eens\u0103 c\u0103 r\u0103m\u00e2ne \u00een continuare membru al partidului<br \/>\n\u00centrebat dac\u0103 a renun\u0163at \u015fi la func\u0163ia de primar, Maz\u0103re a r\u0103spuns c\u0103 nu, dar a ad\u0103ugat c\u0103 va face acest lucru \u00een c\u00e2teva s\u0103pt\u0103m\u00e2ni.<br \/>\n&#8220;Deocamdat\u0103, nu am demisionat din func\u0163ia de primar, foarte cur\u00e2nd \u00eens\u0103 o voi face&#8221;, a declarat Radu Maz\u0103re.<br \/>\nMaz\u0103re ocupa func\u0163ia de pre\u015fedinte al PSD Constan\u0163a din anul 2003, c\u00e2nd a \u015fi intrat \u00een r\u00e2ndurile social-democra\u0163ilor. Radu Maz\u0103re este primar al municipiului Constan\u0163a din anul 2000. <\/div>\n<p> Source URL: https:\/\/observatornews.ro\/politic\/radu-mazare-a-demisionat-din-functia-de-presedinte-al-psd-constanta-148238.html<\/p>\n","protected":false},"excerpt":{"rendered":"<p>Primarul Constan\u0163ei, Radu Maz\u0103re, a anun\u0163at, joi sear\u0103, c\u0103 a demisionat din func\u0163ia de pre\u015fedinte al PSD Constan\u0163a, pe care o ocupa din anul 2003, preciz\u00e2nd \u00eens\u0103 c\u0103 r\u0103m\u00e2ne \u00een continuare membru al partidului Primarul Constan\u0163ei, Radu Maz\u0103re, a anun\u0163at, joi sear\u0103, c\u0103 a demisionat din func\u0163ia de pre\u015fedinte al PSD Constan\u0163a, pe care o [&hellip;]<\/p>\n","protected":false},"author":1,"featured_media":382957,"comment_status":"open","ping_status":"","sticky":false,"template":"","format":"standard","meta":{"footnotes":""},"categories":[2],"tags":[30],"class_list":["post-382955","post","type-post","status-publish","format-standard","has-post-thumbnail","hentry","category-politics","tag-observatornews-ro"],"_links":{"self":[{"href":"https:\/\/analyse.optim.biz\/index.php?rest_route=\/wp\/v2\/posts\/382955","targetHints":{"allow":["GET"]}}],"collection":[{"href":"https:\/\/analyse.optim.biz\/index.php?rest_route=\/wp\/v2\/posts"}],"about":[{"href":"https:\/\/analyse.optim.biz\/index.php?rest_route=\/wp\/v2\/types\/post"}],"author":[{"embeddable":true,"href":"https:\/\/analyse.optim.biz\/index.php?rest_route=\/wp\/v2\/users\/1"}],"replies":[{"embeddable":true,"href":"https:\/\/analyse.optim.biz\/index.php?rest_route=%2Fwp%2Fv2%2Fcomments&post=382955"}],"version-history":[{"count":0,"href":"https:\/\/analyse.optim.biz\/index.php?rest_route=\/wp\/v2\/posts\/382955\/revisions"}],"wp:featuredmedia":[{"embeddable":true,"href":"https:\/\/analyse.optim.biz\/index.php?rest_route=\/wp\/v2\/media\/382957"}],"wp:attachment":[{"href":"https:\/\/analyse.optim.biz\/index.php?rest_route=%2Fwp%2Fv2%2Fmedia&parent=382955"}],"wp:term":[{"taxonomy":"category","embeddable":true,"href":"https:\/\/analyse.optim.biz\/index.php?rest_route=%2Fwp%2Fv2%2Fcategories&post=382955"},{"taxonomy":"post_tag","embeddable":true,"href":"https:\/\/analyse.optim.biz\/index.php?rest_route=%2Fwp%2Fv2%2Ftags&post=382955"}],"curies":[{"name":"wp","href":"https:\/\/api.w.org\/{rel}","templated":true}]}}