{"id":382952,"date":"2015-03-20T08:59:00","date_gmt":"2015-03-20T05:59:00","guid":{"rendered":"https:\/\/analyse.optim.biz\/?p=382952"},"modified":"2015-03-20T08:59:00","modified_gmt":"2015-03-20T05:59:00","slug":"victor-ponta-in-cel-mai-scurt-timp-voi-numi-ministrul-de-finante","status":"publish","type":"post","link":"https:\/\/analyse.optim.biz\/?p=382952","title":{"rendered":"Victor Ponta: \u201e\u00cen cel mai scurt timp voi numi ministrul de finan\u021be\u201d"},"content":{"rendered":"<div class=\"description\" data-key=\"description\">Premierul Victor Ponta a declarat, vineri, la Palatul Parlamentului, c\u0103 va anun\u021ba pe cine va propune la Ministerul Finan\u021belor numai dup\u0103 ce se va consulta cu pre\u0219edintele Klaus Iohannis, cu care are &#8220;o rela\u021bie institu\u021bional\u0103 foarte normal\u0103&#8221;.<\/div>\n<div class=\"articleBody\" data-key=\"articleBody\">Premierul Victor Ponta a declarat, vineri, la Palatul Parlamentului, c\u0103 va anun\u021ba pe cine va propune la Ministerul Finan\u021belor numai dup\u0103 ce se va consulta cu pre\u0219edintele Klaus Iohannis, cu care are &#8220;o rela\u021bie institu\u021bional\u0103 foarte normal\u0103&#8221;.\u00a0<br \/>\n\u00centrebat pe cine va propune la MFP, Ponta a r\u0103spuns: &#8220;Dup\u0103 ce voi discuta cu pre\u0219edintele, v\u0103 voi anun\u021ba \u0219i pe dumneavoastr\u0103. (&#8230;) A\u0219a spun Constitu\u021bia Rom\u00e2niei \u0219i legile Rom\u00e2niei (&#8230;) \u0219i anume faptul c\u0103 orice numire \u0219i revocare din func\u021bie a unui ministru trebuie semnat\u0103 de c\u0103tre pre\u0219edinte prin decret, la propunerea primului-ministru. Avem o rela\u021bie institu\u021bional\u0103 foarte normal\u0103 \u0219i a\u0219a trebuie s\u0103 func\u021bioneze&#8221;.<br \/>\nPremierul Victor Ponta a anun\u021bat joi c\u0103 i-a aprobat demisia ministrului Finan\u021belor, Darius V\u00e2lcov, dup\u0103 ce DNA a cerut sesizarea Senatului pentru \u00eencuviin\u021barea re\u021binerii \u0219i arest\u0103rii preventive a acestuia.<\/div>\n<p> Source URL: https:\/\/observatornews.ro\/politic\/victor-ponta-in-cel-mai-scurt-timp-voi-numi-ministrul-de-finane-148257.html<\/p>\n","protected":false},"excerpt":{"rendered":"<p>Premierul Victor Ponta a declarat, vineri, la Palatul Parlamentului, c\u0103 va anun\u021ba pe cine va propune la Ministerul Finan\u021belor numai dup\u0103 ce se va consulta cu pre\u0219edintele Klaus Iohannis, cu care are &#8220;o rela\u021bie institu\u021bional\u0103 foarte normal\u0103&#8221;. Premierul Victor Ponta a declarat, vineri, la Palatul Parlamentului, c\u0103 va anun\u021ba pe cine va propune la Ministerul [&hellip;]<\/p>\n","protected":false},"author":1,"featured_media":382953,"comment_status":"open","ping_status":"","sticky":false,"template":"","format":"standard","meta":{"footnotes":""},"categories":[2],"tags":[30],"class_list":["post-382952","post","type-post","status-publish","format-standard","has-post-thumbnail","hentry","category-politics","tag-observatornews-ro"],"_links":{"self":[{"href":"https:\/\/analyse.optim.biz\/index.php?rest_route=\/wp\/v2\/posts\/382952","targetHints":{"allow":["GET"]}}],"collection":[{"href":"https:\/\/analyse.optim.biz\/index.php?rest_route=\/wp\/v2\/posts"}],"about":[{"href":"https:\/\/analyse.optim.biz\/index.php?rest_route=\/wp\/v2\/types\/post"}],"author":[{"embeddable":true,"href":"https:\/\/analyse.optim.biz\/index.php?rest_route=\/wp\/v2\/users\/1"}],"replies":[{"embeddable":true,"href":"https:\/\/analyse.optim.biz\/index.php?rest_route=%2Fwp%2Fv2%2Fcomments&post=382952"}],"version-history":[{"count":0,"href":"https:\/\/analyse.optim.biz\/index.php?rest_route=\/wp\/v2\/posts\/382952\/revisions"}],"wp:featuredmedia":[{"embeddable":true,"href":"https:\/\/analyse.optim.biz\/index.php?rest_route=\/wp\/v2\/media\/382953"}],"wp:attachment":[{"href":"https:\/\/analyse.optim.biz\/index.php?rest_route=%2Fwp%2Fv2%2Fmedia&parent=382952"}],"wp:term":[{"taxonomy":"category","embeddable":true,"href":"https:\/\/analyse.optim.biz\/index.php?rest_route=%2Fwp%2Fv2%2Fcategories&post=382952"},{"taxonomy":"post_tag","embeddable":true,"href":"https:\/\/analyse.optim.biz\/index.php?rest_route=%2Fwp%2Fv2%2Ftags&post=382952"}],"curies":[{"name":"wp","href":"https:\/\/api.w.org\/{rel}","templated":true}]}}