{"id":382949,"date":"2015-03-20T11:09:00","date_gmt":"2015-03-20T08:09:00","guid":{"rendered":"https:\/\/analyse.optim.biz\/?p=382949"},"modified":"2015-03-20T11:09:00","modified_gmt":"2015-03-20T08:09:00","slug":"viorel-hrebenciuc-in-arest-la-domiciliu-decizia-este-definitiva","status":"publish","type":"post","link":"https:\/\/analyse.optim.biz\/?p=382949","title":{"rendered":"Viorel Hrebenciuc, \u00een arest la domiciliu; decizia este definitiv\u0103"},"content":{"rendered":"<div class=\"description\" data-key=\"description\">\u00cenalta Curte de Casa\u021bie \u0219i Justi\u021bie a decis vineri ca fostul deputat Viorel Hrebenciuc s\u0103 fie judecat \u00een arest la domiciliu \u00een dosarul retroced\u0103rilor ilegale de p\u0103duri, decizia instan\u021bei fiind definitiv\u0103.<\/div>\n<div class=\"articleBody\" data-key=\"articleBody\">\u00cenalta Curte de Casa\u021bie \u0219i Justi\u021bie a decis vineri ca fostul deputat Viorel Hrebenciuc s\u0103 fie judecat \u00een arest la domiciliu \u00een dosarul retroced\u0103rilor ilegale de p\u0103duri, decizia instan\u021bei fiind definitiv\u0103.\u00a0<br \/>\nMiercuri, Curtea Suprem\u0103 a dispus \u00eenlocuirea m\u0103surii arest\u0103rii preventive cu arestul la domiciliu \u00een cazul lui Viorel Hrebenciuc \u0219i al altor inculpa\u021bi din acest dosar \u2014 Dan Costin Bengescu, Paltin Gheorghe Sturdza \u0219i Lorand Andras Ordog.<br \/>\nDNA a atacat decizia, contesta\u021bia procurorilor fiind respins\u0103 vineri de judec\u0103tori.<br \/>\n\u00cen perioada \u00een care se afl\u0103 \u00een arest la domiciliu, Viorel Hrebenciuc are mai multe interdic\u021bii, printre care \u0219i aceea de a comunica cu restul inculpa\u021bilor, cu excep\u021bia fiului s\u0103u, Andrei Hrebenciuc.<br \/>\nInstan\u021ba a men\u021binut controlul judiciar \u00een cazul altor inculpa\u021bi din dosar: Iosif Kadas, Ioan Sorin Iacob, Ioan M\u0103t\u0103\u0219el, J\u0103nic\u0103 Poenaru, Adam Cr\u0103ciunescu \u0219i Tudor Chiuariu, ultimul primind permisiunea de a p\u0103r\u0103si Rom\u00e2nia \u00een perioadele 25-29 martie \u0219i 9-15 aprilie.<\/div>\n<p> Source URL: https:\/\/observatornews.ro\/politic\/viorel-hrebenciuc-in-arest-la-domiciliu-decizia-este-definitiva-148259.html<\/p>\n","protected":false},"excerpt":{"rendered":"<p>\u00cenalta Curte de Casa\u021bie \u0219i Justi\u021bie a decis vineri ca fostul deputat Viorel Hrebenciuc s\u0103 fie judecat \u00een arest la domiciliu \u00een dosarul retroced\u0103rilor ilegale de p\u0103duri, decizia instan\u021bei fiind definitiv\u0103. \u00cenalta Curte de Casa\u021bie \u0219i Justi\u021bie a decis vineri ca fostul deputat Viorel Hrebenciuc s\u0103 fie judecat \u00een arest la domiciliu \u00een dosarul retroced\u0103rilor [&hellip;]<\/p>\n","protected":false},"author":1,"featured_media":382950,"comment_status":"open","ping_status":"","sticky":false,"template":"","format":"standard","meta":{"footnotes":""},"categories":[2],"tags":[30],"class_list":["post-382949","post","type-post","status-publish","format-standard","has-post-thumbnail","hentry","category-politics","tag-observatornews-ro"],"_links":{"self":[{"href":"https:\/\/analyse.optim.biz\/index.php?rest_route=\/wp\/v2\/posts\/382949","targetHints":{"allow":["GET"]}}],"collection":[{"href":"https:\/\/analyse.optim.biz\/index.php?rest_route=\/wp\/v2\/posts"}],"about":[{"href":"https:\/\/analyse.optim.biz\/index.php?rest_route=\/wp\/v2\/types\/post"}],"author":[{"embeddable":true,"href":"https:\/\/analyse.optim.biz\/index.php?rest_route=\/wp\/v2\/users\/1"}],"replies":[{"embeddable":true,"href":"https:\/\/analyse.optim.biz\/index.php?rest_route=%2Fwp%2Fv2%2Fcomments&post=382949"}],"version-history":[{"count":0,"href":"https:\/\/analyse.optim.biz\/index.php?rest_route=\/wp\/v2\/posts\/382949\/revisions"}],"wp:featuredmedia":[{"embeddable":true,"href":"https:\/\/analyse.optim.biz\/index.php?rest_route=\/wp\/v2\/media\/382950"}],"wp:attachment":[{"href":"https:\/\/analyse.optim.biz\/index.php?rest_route=%2Fwp%2Fv2%2Fmedia&parent=382949"}],"wp:term":[{"taxonomy":"category","embeddable":true,"href":"https:\/\/analyse.optim.biz\/index.php?rest_route=%2Fwp%2Fv2%2Fcategories&post=382949"},{"taxonomy":"post_tag","embeddable":true,"href":"https:\/\/analyse.optim.biz\/index.php?rest_route=%2Fwp%2Fv2%2Ftags&post=382949"}],"curies":[{"name":"wp","href":"https:\/\/api.w.org\/{rel}","templated":true}]}}