{"id":382917,"date":"2015-03-20T14:24:00","date_gmt":"2015-03-20T11:24:00","guid":{"rendered":"https:\/\/analyse.optim.biz\/?p=382917"},"modified":"2015-03-20T14:24:00","modified_gmt":"2015-03-20T11:24:00","slug":"congresul-psd-va-fi-organizat-in-noiembrie","status":"publish","type":"post","link":"https:\/\/analyse.optim.biz\/?p=382917","title":{"rendered":"Congresul PSD va fi organizat \u00een noiembrie"},"content":{"rendered":"<div class=\"description\" data-key=\"description\">Consiliul Na\u021bional al PSD a decis vineri, \u00een unanimitate, s\u0103 organizeze congresul partidului pentru alegerea conducerii \u00een luna noiembrie a acestui an<\/div>\n<div class=\"articleBody\" data-key=\"articleBody\">Consiliul Na\u021bional al PSD a decis vineri, \u00een unanimitate, s\u0103 organizeze congresul partidului pentru alegerea conducerii \u00een luna noiembrie a acestui an<br \/>\n&#8220;Propun luna noiembrie a acestui an s\u0103 convoc\u0103m congresul PSD pentru alegerea structurilor de conducere \u0219i pentru aprobarea modific\u0103rilor la statutul PSD. De asemenea, v\u0103 cer s\u0103 fi\u021bi de acord ca Consiliul Na\u021bional s\u0103 mandateze Comitetul Executiv pentru a stabili \u00een detaliu ordinea de zi, data exact\u0103 \u0219i locul desf\u0103\u0219ur\u0103rii congresului PSD. V\u0103 solicit tuturor organiza\u021biilor jude\u021bene \u0219i locale ca de luna viitoare s\u0103 \u00eencepe\u021bi procedurile de alegere a structurilor de conducere la organiza\u021biile locale \u0219i jude\u021bene&#8221;, a spus pre\u0219edintele executiv al partidului, Liviu Dragnea, la \u0219edin\u021ba Consiliului Na\u021bional.<\/div>\n<p> Source URL: https:\/\/observatornews.ro\/politic\/congresul-psd-va-fi-organizat-in-noiembrie-148275.html<\/p>\n","protected":false},"excerpt":{"rendered":"<p>Consiliul Na\u021bional al PSD a decis vineri, \u00een unanimitate, s\u0103 organizeze congresul partidului pentru alegerea conducerii \u00een luna noiembrie a acestui an Consiliul Na\u021bional al PSD a decis vineri, \u00een unanimitate, s\u0103 organizeze congresul partidului pentru alegerea conducerii \u00een luna noiembrie a acestui an &#8220;Propun luna noiembrie a acestui an s\u0103 convoc\u0103m congresul PSD pentru [&hellip;]<\/p>\n","protected":false},"author":1,"featured_media":0,"comment_status":"open","ping_status":"","sticky":false,"template":"","format":"standard","meta":{"footnotes":""},"categories":[2],"tags":[30],"class_list":["post-382917","post","type-post","status-publish","format-standard","hentry","category-politics","tag-observatornews-ro"],"_links":{"self":[{"href":"https:\/\/analyse.optim.biz\/index.php?rest_route=\/wp\/v2\/posts\/382917","targetHints":{"allow":["GET"]}}],"collection":[{"href":"https:\/\/analyse.optim.biz\/index.php?rest_route=\/wp\/v2\/posts"}],"about":[{"href":"https:\/\/analyse.optim.biz\/index.php?rest_route=\/wp\/v2\/types\/post"}],"author":[{"embeddable":true,"href":"https:\/\/analyse.optim.biz\/index.php?rest_route=\/wp\/v2\/users\/1"}],"replies":[{"embeddable":true,"href":"https:\/\/analyse.optim.biz\/index.php?rest_route=%2Fwp%2Fv2%2Fcomments&post=382917"}],"version-history":[{"count":0,"href":"https:\/\/analyse.optim.biz\/index.php?rest_route=\/wp\/v2\/posts\/382917\/revisions"}],"wp:attachment":[{"href":"https:\/\/analyse.optim.biz\/index.php?rest_route=%2Fwp%2Fv2%2Fmedia&parent=382917"}],"wp:term":[{"taxonomy":"category","embeddable":true,"href":"https:\/\/analyse.optim.biz\/index.php?rest_route=%2Fwp%2Fv2%2Fcategories&post=382917"},{"taxonomy":"post_tag","embeddable":true,"href":"https:\/\/analyse.optim.biz\/index.php?rest_route=%2Fwp%2Fv2%2Ftags&post=382917"}],"curies":[{"name":"wp","href":"https:\/\/api.w.org\/{rel}","templated":true}]}}