{"id":382867,"date":"2015-03-23T07:08:00","date_gmt":"2015-03-23T04:08:00","guid":{"rendered":"https:\/\/analyse.optim.biz\/?p=382867"},"modified":"2015-03-23T07:08:00","modified_gmt":"2015-03-23T04:08:00","slug":"zi-mare-pentru-elena-udrea-ar-putea-scapa-de-arest","status":"publish","type":"post","link":"https:\/\/analyse.optim.biz\/?p=382867","title":{"rendered":"Zi mare pentru Elena Udrea! Ar putea sc\u0103pa de arest"},"content":{"rendered":"<div class=\"description\" data-key=\"description\">Elena Udrea afl\u0103 luni dac\u0103 scap\u0103 de arest sau \u00ee\u0219i va mai petrece alte 30 de zile \u00een arest<\/div>\n<div class=\"articleBody\" data-key=\"articleBody\">\nElena Udrea afl\u0103 luni dac\u0103 scap\u0103 de arest sau \u00ee\u0219i va mai petrece alte 30 de zile \u00een arest<\/p>\n<p>Procurorii DNA cer prelungirea arestului preventiv pentru politiciana Elena Udrea \u00een dosarul &#8220;Gala Bute&#8221;. Cererea procurorilor vine \u00een condi\u021biile \u00een care avocatul fostului ministru sus\u0163inea, dup\u0103 confruntarea Elenei Udrea cu denun\u0163\u0103torii s\u0103i, c\u0103 toate acuza\u0163iile au fost demontate.<br \/>\nElena Udrea a fost arestat\u0103 preventiv \u00een acest dosar pe data de 25 februarie, iar mandatul expir\u0103 pe 26 martie. <\/p><\/div>\n<p> Source URL: https:\/\/observatornews.ro\/politic\/zi-mare-pentru-elena-udrea-ar-putea-scapa-de-arest-148433.html<\/p>\n","protected":false},"excerpt":{"rendered":"<p>Elena Udrea afl\u0103 luni dac\u0103 scap\u0103 de arest sau \u00ee\u0219i va mai petrece alte 30 de zile \u00een arest Elena Udrea afl\u0103 luni dac\u0103 scap\u0103 de arest sau \u00ee\u0219i va mai petrece alte 30 de zile \u00een arest Procurorii DNA cer prelungirea arestului preventiv pentru politiciana Elena Udrea \u00een dosarul &#8220;Gala Bute&#8221;. Cererea procurorilor vine [&hellip;]<\/p>\n","protected":false},"author":1,"featured_media":382868,"comment_status":"open","ping_status":"","sticky":false,"template":"","format":"standard","meta":{"footnotes":""},"categories":[2],"tags":[30],"class_list":["post-382867","post","type-post","status-publish","format-standard","has-post-thumbnail","hentry","category-politics","tag-observatornews-ro"],"_links":{"self":[{"href":"https:\/\/analyse.optim.biz\/index.php?rest_route=\/wp\/v2\/posts\/382867","targetHints":{"allow":["GET"]}}],"collection":[{"href":"https:\/\/analyse.optim.biz\/index.php?rest_route=\/wp\/v2\/posts"}],"about":[{"href":"https:\/\/analyse.optim.biz\/index.php?rest_route=\/wp\/v2\/types\/post"}],"author":[{"embeddable":true,"href":"https:\/\/analyse.optim.biz\/index.php?rest_route=\/wp\/v2\/users\/1"}],"replies":[{"embeddable":true,"href":"https:\/\/analyse.optim.biz\/index.php?rest_route=%2Fwp%2Fv2%2Fcomments&post=382867"}],"version-history":[{"count":0,"href":"https:\/\/analyse.optim.biz\/index.php?rest_route=\/wp\/v2\/posts\/382867\/revisions"}],"wp:featuredmedia":[{"embeddable":true,"href":"https:\/\/analyse.optim.biz\/index.php?rest_route=\/wp\/v2\/media\/382868"}],"wp:attachment":[{"href":"https:\/\/analyse.optim.biz\/index.php?rest_route=%2Fwp%2Fv2%2Fmedia&parent=382867"}],"wp:term":[{"taxonomy":"category","embeddable":true,"href":"https:\/\/analyse.optim.biz\/index.php?rest_route=%2Fwp%2Fv2%2Fcategories&post=382867"},{"taxonomy":"post_tag","embeddable":true,"href":"https:\/\/analyse.optim.biz\/index.php?rest_route=%2Fwp%2Fv2%2Ftags&post=382867"}],"curies":[{"name":"wp","href":"https:\/\/api.w.org\/{rel}","templated":true}]}}