{"id":382842,"date":"2015-03-23T13:14:00","date_gmt":"2015-03-23T10:14:00","guid":{"rendered":"https:\/\/analyse.optim.biz\/?p=382842"},"modified":"2015-03-23T13:14:00","modified_gmt":"2015-03-23T10:14:00","slug":"corneliu-dobritoiu-condamnat-la-un-an-de-inchisoare-cu-suspendare","status":"publish","type":"post","link":"https:\/\/analyse.optim.biz\/?p=382842","title":{"rendered":"Corneliu Dobri\u021boiu, condamnat la un an de \u00eenchisoare cu suspendare"},"content":{"rendered":"<div class=\"description\" data-key=\"description\">Fostul ministru al Ap\u0103r\u0103rii Corneliu Dobri\u021boiu a fost condamnat luni la un an de \u00eenchisoare cu suspendare de magistra\u021bii de la \u00ceCCJ \u00een dosarul &#8220;Case pentru generali&#8221;<\/div>\n<div class=\"articleBody\" data-key=\"articleBody\">Fostul ministru al Ap\u0103r\u0103rii Corneliu Dobri\u021boiu a fost condamnat luni la un an de \u00eenchisoare cu suspendare de magistra\u021bii de la \u00ceCCJ \u00een dosarul &#8220;Case pentru generali&#8221;<br \/>\nFrancisc Radici a primit o pedeaps\u0103 de doi ani, dou\u0103 luni \u015fi 20 de zile de \u00eenchisoare, iar Floarea \u015eerban \u015fi Traian Pigui au fost achita\u0163i, \u00een dosarul &#8220;Case pentru generali&#8221;.<br \/>\nDecizia nu este definitiv\u0103.<\/div>\n<p> Source URL: https:\/\/observatornews.ro\/politic\/corneliu-dobrioiu-condamnat-la-un-an-de-inchisoare-cu-suspendare-148461.html<\/p>\n","protected":false},"excerpt":{"rendered":"<p>Fostul ministru al Ap\u0103r\u0103rii Corneliu Dobri\u021boiu a fost condamnat luni la un an de \u00eenchisoare cu suspendare de magistra\u021bii de la \u00ceCCJ \u00een dosarul &#8220;Case pentru generali&#8221; Fostul ministru al Ap\u0103r\u0103rii Corneliu Dobri\u021boiu a fost condamnat luni la un an de \u00eenchisoare cu suspendare de magistra\u021bii de la \u00ceCCJ \u00een dosarul &#8220;Case pentru generali&#8221; Francisc [&hellip;]<\/p>\n","protected":false},"author":1,"featured_media":0,"comment_status":"open","ping_status":"","sticky":false,"template":"","format":"standard","meta":{"footnotes":""},"categories":[2],"tags":[30],"class_list":["post-382842","post","type-post","status-publish","format-standard","hentry","category-politics","tag-observatornews-ro"],"_links":{"self":[{"href":"https:\/\/analyse.optim.biz\/index.php?rest_route=\/wp\/v2\/posts\/382842","targetHints":{"allow":["GET"]}}],"collection":[{"href":"https:\/\/analyse.optim.biz\/index.php?rest_route=\/wp\/v2\/posts"}],"about":[{"href":"https:\/\/analyse.optim.biz\/index.php?rest_route=\/wp\/v2\/types\/post"}],"author":[{"embeddable":true,"href":"https:\/\/analyse.optim.biz\/index.php?rest_route=\/wp\/v2\/users\/1"}],"replies":[{"embeddable":true,"href":"https:\/\/analyse.optim.biz\/index.php?rest_route=%2Fwp%2Fv2%2Fcomments&post=382842"}],"version-history":[{"count":0,"href":"https:\/\/analyse.optim.biz\/index.php?rest_route=\/wp\/v2\/posts\/382842\/revisions"}],"wp:attachment":[{"href":"https:\/\/analyse.optim.biz\/index.php?rest_route=%2Fwp%2Fv2%2Fmedia&parent=382842"}],"wp:term":[{"taxonomy":"category","embeddable":true,"href":"https:\/\/analyse.optim.biz\/index.php?rest_route=%2Fwp%2Fv2%2Fcategories&post=382842"},{"taxonomy":"post_tag","embeddable":true,"href":"https:\/\/analyse.optim.biz\/index.php?rest_route=%2Fwp%2Fv2%2Ftags&post=382842"}],"curies":[{"name":"wp","href":"https:\/\/api.w.org\/{rel}","templated":true}]}}