{"id":382840,"date":"2015-03-23T19:23:00","date_gmt":"2015-03-23T16:23:00","guid":{"rendered":"https:\/\/analyse.optim.biz\/?p=382840"},"modified":"2015-03-23T19:23:00","modified_gmt":"2015-03-23T16:23:00","slug":"elena-udrea-inca-30-de-zile-in-arest","status":"publish","type":"post","link":"https:\/\/analyse.optim.biz\/?p=382840","title":{"rendered":"Elena Udrea, \u00eenc\u0103 30 de zile \u00een arest!"},"content":{"rendered":"<div class=\"description\" data-key=\"description\">\u00cenalta Curte de Casa\u021bie \u0219i Justi\u021bie (\u00ceCCJ) a admis luni cererea DNA de prelungire cu 30 de zile a arestului preventiv \u00een cazul fostului ministru Elena Udrea, inculpat \u00een dosarul &#8220;Gala Bute&#8221;.<\/div>\n<div class=\"articleBody\" data-key=\"articleBody\">\u00cenalta Curte de Casa\u021bie \u0219i Justi\u021bie (\u00ceCCJ) a admis luni cererea DNA de prelungire cu 30 de zile a arestului preventiv \u00een cazul fostului ministru Elena Udrea, inculpat \u00een dosarul &#8220;Gala Bute&#8221;.<br \/>\nMandatul Elenei Udrea urma s\u0103 expire pe 26 martie. Decizia nu este definitiv\u0103, put\u00e2nd fi contestat\u0103 la aceea\u015fi instan\u0163\u0103.<br \/>\nProcesul a durat peste \u015fapte ore, timp \u00een care au fost asculta\u0163i inculpa\u0163ii care au dorit s\u0103 dea declara\u0163ii, procurorii DNA \u015fi-au sus\u0163inut referatul, iar avoca\u0163ii \u015fi-au prezentat pledoariile pentru l\u0103sarea \u00een libertate a clien\u0163ilor lor.<\/div>\n<p> Source URL: https:\/\/observatornews.ro\/politic\/elena-udrea-inca-30-de-zile-in-arest-148498.html<\/p>\n","protected":false},"excerpt":{"rendered":"<p>\u00cenalta Curte de Casa\u021bie \u0219i Justi\u021bie (\u00ceCCJ) a admis luni cererea DNA de prelungire cu 30 de zile a arestului preventiv \u00een cazul fostului ministru Elena Udrea, inculpat \u00een dosarul &#8220;Gala Bute&#8221;. \u00cenalta Curte de Casa\u021bie \u0219i Justi\u021bie (\u00ceCCJ) a admis luni cererea DNA de prelungire cu 30 de zile a arestului preventiv \u00een cazul [&hellip;]<\/p>\n","protected":false},"author":1,"featured_media":0,"comment_status":"open","ping_status":"","sticky":false,"template":"","format":"standard","meta":{"footnotes":""},"categories":[2],"tags":[30],"class_list":["post-382840","post","type-post","status-publish","format-standard","hentry","category-politics","tag-observatornews-ro"],"_links":{"self":[{"href":"https:\/\/analyse.optim.biz\/index.php?rest_route=\/wp\/v2\/posts\/382840","targetHints":{"allow":["GET"]}}],"collection":[{"href":"https:\/\/analyse.optim.biz\/index.php?rest_route=\/wp\/v2\/posts"}],"about":[{"href":"https:\/\/analyse.optim.biz\/index.php?rest_route=\/wp\/v2\/types\/post"}],"author":[{"embeddable":true,"href":"https:\/\/analyse.optim.biz\/index.php?rest_route=\/wp\/v2\/users\/1"}],"replies":[{"embeddable":true,"href":"https:\/\/analyse.optim.biz\/index.php?rest_route=%2Fwp%2Fv2%2Fcomments&post=382840"}],"version-history":[{"count":0,"href":"https:\/\/analyse.optim.biz\/index.php?rest_route=\/wp\/v2\/posts\/382840\/revisions"}],"wp:attachment":[{"href":"https:\/\/analyse.optim.biz\/index.php?rest_route=%2Fwp%2Fv2%2Fmedia&parent=382840"}],"wp:term":[{"taxonomy":"category","embeddable":true,"href":"https:\/\/analyse.optim.biz\/index.php?rest_route=%2Fwp%2Fv2%2Fcategories&post=382840"},{"taxonomy":"post_tag","embeddable":true,"href":"https:\/\/analyse.optim.biz\/index.php?rest_route=%2Fwp%2Fv2%2Ftags&post=382840"}],"curies":[{"name":"wp","href":"https:\/\/api.w.org\/{rel}","templated":true}]}}