{"id":382800,"date":"2015-03-24T17:16:25","date_gmt":"2015-03-24T14:16:25","guid":{"rendered":"https:\/\/analyse.optim.biz\/?p=382800"},"modified":"2015-03-24T17:16:25","modified_gmt":"2015-03-24T14:16:25","slug":"traian-basescu-dupa-iesirea-de-la-parchetul-general-mie-nu-mi-e-frica-de-lege","status":"publish","type":"post","link":"https:\/\/analyse.optim.biz\/?p=382800","title":{"rendered":"Traian B\u0103sescu, dup\u0103 ie\u0219irea de la Parchetul General: &#8220;Mie nu mi-e fric\u0103 de lege!&#8221;"},"content":{"rendered":"<div class=\"description\" data-key=\"description\">Mie nu mi-e fric\u0103 de lege! &#8211; cu vorbele astea a ie\u015fit Traian B\u0103sescu de la Parchetul General dup\u0103 mai bine de dou\u0103 ore \u00een care a stat fa\u0163\u0103 \u00een fa\u0163\u0103 cu procurorii \u00een dosarul de \u015fantaj.<\/div>\n<div class=\"articleBody\" data-key=\"articleBody\">Mie nu mi-e fric\u0103 de lege! &#8211; cu vorbele astea a ie\u015fit Traian B\u0103sescu de la Parchetul General dup\u0103 mai bine de dou\u0103 ore \u00een care a stat fa\u0163\u0103 \u00een fa\u0163\u0103 cu procurorii \u00een dosarul de \u015fantaj.<br \/>\nFlancat de bodyguarzi, huiduit \u00eens\u0103 de zeci de protestatari aduna\u0163i la parchet, fostul pre\u015fedinte \u015fi-a f\u0103cut cu greu loc prin mul\u0163ime. \u201eM\u0103i, fra\u0163ilor, dar nu e posibil a\u015fa ceva!\u201d &#8211; a exclamat nervos, \u00eenconjurat de microfoane. Gabi Firea l-a dat \u00een judecat\u0103 pe B\u0103sescu pentru c\u0103 a jignit-o \u015fi a amenin\u0163at-o c\u0103 e posibil s\u0103 nu-\u015fi mai g\u0103seasc\u0103 so\u0163ul acas\u0103.\u00a0<\/div>\n<p> Source URL: https:\/\/observatornews.ro\/politic\/traian-basescu-dupa-ieirea-de-la-parchetul-general-mie-nu-mie-frica-de-lege-148579.html<\/p>\n","protected":false},"excerpt":{"rendered":"<p>Mie nu mi-e fric\u0103 de lege! &#8211; cu vorbele astea a ie\u015fit Traian B\u0103sescu de la Parchetul General dup\u0103 mai bine de dou\u0103 ore \u00een care a stat fa\u0163\u0103 \u00een fa\u0163\u0103 cu procurorii \u00een dosarul de \u015fantaj. Mie nu mi-e fric\u0103 de lege! &#8211; cu vorbele astea a ie\u015fit Traian B\u0103sescu de la Parchetul General [&hellip;]<\/p>\n","protected":false},"author":1,"featured_media":382801,"comment_status":"open","ping_status":"","sticky":false,"template":"","format":"standard","meta":{"footnotes":""},"categories":[2],"tags":[30],"class_list":["post-382800","post","type-post","status-publish","format-standard","has-post-thumbnail","hentry","category-politics","tag-observatornews-ro"],"_links":{"self":[{"href":"https:\/\/analyse.optim.biz\/index.php?rest_route=\/wp\/v2\/posts\/382800","targetHints":{"allow":["GET"]}}],"collection":[{"href":"https:\/\/analyse.optim.biz\/index.php?rest_route=\/wp\/v2\/posts"}],"about":[{"href":"https:\/\/analyse.optim.biz\/index.php?rest_route=\/wp\/v2\/types\/post"}],"author":[{"embeddable":true,"href":"https:\/\/analyse.optim.biz\/index.php?rest_route=\/wp\/v2\/users\/1"}],"replies":[{"embeddable":true,"href":"https:\/\/analyse.optim.biz\/index.php?rest_route=%2Fwp%2Fv2%2Fcomments&post=382800"}],"version-history":[{"count":0,"href":"https:\/\/analyse.optim.biz\/index.php?rest_route=\/wp\/v2\/posts\/382800\/revisions"}],"wp:featuredmedia":[{"embeddable":true,"href":"https:\/\/analyse.optim.biz\/index.php?rest_route=\/wp\/v2\/media\/382801"}],"wp:attachment":[{"href":"https:\/\/analyse.optim.biz\/index.php?rest_route=%2Fwp%2Fv2%2Fmedia&parent=382800"}],"wp:term":[{"taxonomy":"category","embeddable":true,"href":"https:\/\/analyse.optim.biz\/index.php?rest_route=%2Fwp%2Fv2%2Fcategories&post=382800"},{"taxonomy":"post_tag","embeddable":true,"href":"https:\/\/analyse.optim.biz\/index.php?rest_route=%2Fwp%2Fv2%2Ftags&post=382800"}],"curies":[{"name":"wp","href":"https:\/\/api.w.org\/{rel}","templated":true}]}}