{"id":382798,"date":"2015-03-25T07:40:00","date_gmt":"2015-03-25T04:40:00","guid":{"rendered":"https:\/\/analyse.optim.biz\/?p=382798"},"modified":"2015-03-25T07:40:00","modified_gmt":"2015-03-25T04:40:00","slug":"darius-valcov-s-a-prezentat-la-dna","status":"publish","type":"post","link":"https:\/\/analyse.optim.biz\/?p=382798","title":{"rendered":"Darius V\u00e2lcov s-a prezentat la DNA"},"content":{"rendered":"<div class=\"description\" data-key=\"description\">Fostul ministru de Finan\u021be Darius V\u00e2lcov s-a prezentat miercuri diminea\u021b\u0103 la sediul DNA, dup\u0103 ce procurorii anticorup\u021bie au extins cercet\u0103rile pe numele lui pentru fapte s\u0103v\u00e2r\u0219ite \u00een calitate de senator \u0219i ministru<\/div>\n<div class=\"articleBody\" data-key=\"articleBody\">Fostul ministru de Finan\u021be Darius V\u00e2lcov s-a prezentat miercuri diminea\u021b\u0103 la sediul DNA, dup\u0103 ce procurorii anticorup\u021bie au extins cercet\u0103rile pe numele lui pentru fapte s\u0103v\u00e2r\u0219ite \u00een calitate de senator \u0219i ministru<br \/>\nLa intrarea \u00een sediul DNA, V\u00e2lcov nu a dorit s\u0103 fac\u0103 declara\u021bii.<\/div>\n<p> Source URL: https:\/\/observatornews.ro\/politic\/darius-valcov-sa-prezentat-la-dna-148616.html<\/p>\n","protected":false},"excerpt":{"rendered":"<p>Fostul ministru de Finan\u021be Darius V\u00e2lcov s-a prezentat miercuri diminea\u021b\u0103 la sediul DNA, dup\u0103 ce procurorii anticorup\u021bie au extins cercet\u0103rile pe numele lui pentru fapte s\u0103v\u00e2r\u0219ite \u00een calitate de senator \u0219i ministru Fostul ministru de Finan\u021be Darius V\u00e2lcov s-a prezentat miercuri diminea\u021b\u0103 la sediul DNA, dup\u0103 ce procurorii anticorup\u021bie au extins cercet\u0103rile pe numele lui [&hellip;]<\/p>\n","protected":false},"author":1,"featured_media":382799,"comment_status":"open","ping_status":"","sticky":false,"template":"","format":"standard","meta":{"footnotes":""},"categories":[2],"tags":[30],"class_list":["post-382798","post","type-post","status-publish","format-standard","has-post-thumbnail","hentry","category-politics","tag-observatornews-ro"],"_links":{"self":[{"href":"https:\/\/analyse.optim.biz\/index.php?rest_route=\/wp\/v2\/posts\/382798","targetHints":{"allow":["GET"]}}],"collection":[{"href":"https:\/\/analyse.optim.biz\/index.php?rest_route=\/wp\/v2\/posts"}],"about":[{"href":"https:\/\/analyse.optim.biz\/index.php?rest_route=\/wp\/v2\/types\/post"}],"author":[{"embeddable":true,"href":"https:\/\/analyse.optim.biz\/index.php?rest_route=\/wp\/v2\/users\/1"}],"replies":[{"embeddable":true,"href":"https:\/\/analyse.optim.biz\/index.php?rest_route=%2Fwp%2Fv2%2Fcomments&post=382798"}],"version-history":[{"count":0,"href":"https:\/\/analyse.optim.biz\/index.php?rest_route=\/wp\/v2\/posts\/382798\/revisions"}],"wp:featuredmedia":[{"embeddable":true,"href":"https:\/\/analyse.optim.biz\/index.php?rest_route=\/wp\/v2\/media\/382799"}],"wp:attachment":[{"href":"https:\/\/analyse.optim.biz\/index.php?rest_route=%2Fwp%2Fv2%2Fmedia&parent=382798"}],"wp:term":[{"taxonomy":"category","embeddable":true,"href":"https:\/\/analyse.optim.biz\/index.php?rest_route=%2Fwp%2Fv2%2Fcategories&post=382798"},{"taxonomy":"post_tag","embeddable":true,"href":"https:\/\/analyse.optim.biz\/index.php?rest_route=%2Fwp%2Fv2%2Ftags&post=382798"}],"curies":[{"name":"wp","href":"https:\/\/api.w.org\/{rel}","templated":true}]}}