{"id":382745,"date":"2015-03-25T07:41:00","date_gmt":"2015-03-25T04:41:00","guid":{"rendered":"https:\/\/analyse.optim.biz\/?p=382745"},"modified":"2015-03-25T07:41:00","modified_gmt":"2015-03-25T04:41:00","slug":"hans-g-klemm-nominalizat-ambasador-al-sua-in-romania","status":"publish","type":"post","link":"https:\/\/analyse.optim.biz\/?p=382745","title":{"rendered":"Hans G. Klemm, nominalizat ambasador al SUA \u00een Rom\u00e2nia"},"content":{"rendered":"<div class=\"description\" data-key=\"description\">Diplomatul american Hans G. Klemm a fost nominalizat \u00een func\u021bia de ambasador al Statelor Unite ale Americii (SUA) \u00een Rom\u00e2nia, potrivit unui comunicat al Casei Albe<\/div>\n<div class=\"articleBody\" data-key=\"articleBody\">Diplomatul american Hans G. Klemm a fost nominalizat \u00een func\u021bia de ambasador al Statelor Unite ale Americii (SUA) \u00een Rom\u00e2nia, potrivit unui comunicat al Casei Albe<br \/>\nDiplomat de carier\u0103, absolvent al Universit\u0103\u021bii Indiana \u0219i de\u021bin\u0103tor al unei diplome de master la Universitatea Stanford, Hans G. Klemm este consilier al secretarului adjunct de stat pentru management \u00een cadrul Departamentului de Stat, func\u021bie pe care o de\u021bine \u00eencep\u00e2nd din ianuarie 2015.<br \/>\nAnterior, \u00een perioada 2012-2015, Klemm a fost prim-adjunct al asistentului secretarului de stat \u00een Biroul pentru resurse umane al Departamentului de Stat, iar \u00eenainte de acest post a avut func\u021bia de coordonator pentru statul de drept \u0219i respectarea legii la Ambasada SUA la Kabul, \u00eentre anii 2010 \u0219i 2012.<br \/>\n\u00cen perioada 2007 \u2014 2010, diplomatul american a fost ambasador \u00een Timorul de Est, iar \u00een 2006-2007 ministru-consilier pentru afaceri economice la Ambasada SUA la Tokyo. \u00centre 2004 \u0219i 2006, ambasadorul Klemm a fost director \u0219i director-adjunct al Oficiului pentru dezvoltarea carierei \u00een cadrul Biroului pentru Resurse Umane (al Departamentului de Stat).<br \/>\nHans G. Klemm a fost, \u00een perioada 2000-2001, director adjunct al Oficiului pentru UE \u0219i afaceri regionale al Biroului pentru afaceri europene \u0219i eurasiatice al Departamentului de Stat, iar anterior a de\u021binut \u00een cadrul diploma\u021biei SUA pozi\u021bii \u00een Germania, Japonia, Coreea de Sud \u0219i Trinidad \u0219i Tobago.<\/div>\n<p> Source URL: https:\/\/observatornews.ro\/politic\/hans-g-klemm-nominalizat-ambasador-al-sua-in-romania-148617.html<\/p>\n","protected":false},"excerpt":{"rendered":"<p>Diplomatul american Hans G. Klemm a fost nominalizat \u00een func\u021bia de ambasador al Statelor Unite ale Americii (SUA) \u00een Rom\u00e2nia, potrivit unui comunicat al Casei Albe Diplomatul american Hans G. Klemm a fost nominalizat \u00een func\u021bia de ambasador al Statelor Unite ale Americii (SUA) \u00een Rom\u00e2nia, potrivit unui comunicat al Casei Albe Diplomat de carier\u0103, [&hellip;]<\/p>\n","protected":false},"author":1,"featured_media":382746,"comment_status":"open","ping_status":"","sticky":false,"template":"","format":"standard","meta":{"footnotes":""},"categories":[2],"tags":[30],"class_list":["post-382745","post","type-post","status-publish","format-standard","has-post-thumbnail","hentry","category-politics","tag-observatornews-ro"],"_links":{"self":[{"href":"https:\/\/analyse.optim.biz\/index.php?rest_route=\/wp\/v2\/posts\/382745","targetHints":{"allow":["GET"]}}],"collection":[{"href":"https:\/\/analyse.optim.biz\/index.php?rest_route=\/wp\/v2\/posts"}],"about":[{"href":"https:\/\/analyse.optim.biz\/index.php?rest_route=\/wp\/v2\/types\/post"}],"author":[{"embeddable":true,"href":"https:\/\/analyse.optim.biz\/index.php?rest_route=\/wp\/v2\/users\/1"}],"replies":[{"embeddable":true,"href":"https:\/\/analyse.optim.biz\/index.php?rest_route=%2Fwp%2Fv2%2Fcomments&post=382745"}],"version-history":[{"count":0,"href":"https:\/\/analyse.optim.biz\/index.php?rest_route=\/wp\/v2\/posts\/382745\/revisions"}],"wp:featuredmedia":[{"embeddable":true,"href":"https:\/\/analyse.optim.biz\/index.php?rest_route=\/wp\/v2\/media\/382746"}],"wp:attachment":[{"href":"https:\/\/analyse.optim.biz\/index.php?rest_route=%2Fwp%2Fv2%2Fmedia&parent=382745"}],"wp:term":[{"taxonomy":"category","embeddable":true,"href":"https:\/\/analyse.optim.biz\/index.php?rest_route=%2Fwp%2Fv2%2Fcategories&post=382745"},{"taxonomy":"post_tag","embeddable":true,"href":"https:\/\/analyse.optim.biz\/index.php?rest_route=%2Fwp%2Fv2%2Ftags&post=382745"}],"curies":[{"name":"wp","href":"https:\/\/api.w.org\/{rel}","templated":true}]}}