{"id":382743,"date":"2015-03-25T08:28:00","date_gmt":"2015-03-25T05:28:00","guid":{"rendered":"https:\/\/analyse.optim.biz\/?p=382743"},"modified":"2015-03-25T08:28:00","modified_gmt":"2015-03-25T05:28:00","slug":"ponta-indiferent-de-votul-parlamentului-valcov-nicolescu-sau-sova-pot-fi-trimisi-in-fata-judecatorilor","status":"publish","type":"post","link":"https:\/\/analyse.optim.biz\/?p=382743","title":{"rendered":"Ponta: Indiferent de votul Parlamentului, V\u00e2lcov, Nicolescu sau \u0218ova pot fi trimi\u0219i \u00een fa\u021ba judec\u0103torilor"},"content":{"rendered":"<div class=\"description\" data-key=\"description\">Premierul Victor Ponta apreciaz\u0103 c\u0103 to\u021bi cei trei parlamentari pentru care Parchetul a cerut arestarea preventiv\u0103 pot ajunge \u00een fa\u021ba judec\u0103torilor indiferent de votul din Parlament<\/div>\n<div class=\"articleBody\" data-key=\"articleBody\">Premierul Victor Ponta apreciaz\u0103 c\u0103 to\u021bi cei trei parlamentari pentru care Parchetul a cerut arestarea preventiv\u0103 pot ajunge \u00een fa\u021ba judec\u0103torilor indiferent de votul din Parlament<br \/>\n&#8220;Pozi\u021bia mea \u0219i a PSD este aceea de a nu bloca ac\u021biunile Justi\u021biei! \u0218i, indiferent de votul de azi al Parlamentului, to\u021bi cei trei parlamentari \u00een cauz\u0103 pot fi trimi\u0219i de procurori \u00een fa\u021ba judec\u0103torilor (\u00een libertate sau \u00een stare de arest) pentru a se stabili dac\u0103 sunt vinova\u021bi sau nu!&#8221;, a scris Ponta miercuri pe Facebook, potrivit Agerpres.<br \/>\n\u00cen acest context, premierul a acuzat Opozi\u021bia c\u0103 transform\u0103 votul Parlamentului \u00eentr-o &#8220;b\u0103t\u0103lie pur politic\u0103&#8221;.<br \/>\n&#8220;Constat cu mare dezam\u0103gire c\u0103 voturile de azi din Senat \u0219i Camera Deputa\u021bilor privind cereri de arestare preventiv\u0103 au fost total deturnate de PNL \u0219i propaganda b\u0103sist\u0103 \u00eentr-o b\u0103t\u0103lie pur politic\u0103 (ideea de justi\u021bie fiind total confiscat\u0103 de c\u00e2\u021biva lideri PNL, folosit\u0103 doar politic \u0219i demagogic, dovad\u0103 c\u0103 ignor\u0103 total cazul deputatului PNL Nicolescu \u0219i se refer\u0103 doar la Senat)!&#8221;, a ad\u0103ugat prim-ministrul.<br \/>\nTotodat\u0103, Ponta sus\u021bine c\u0103 este obi\u0219nuit cu &#8220;ipocrizia&#8221; PNL din 2013, c\u00e2nd liberalii ar fi propus legea amnistiei, pentru ca mai apoi s\u0103 nu \u00ee\u0219i asume aceast\u0103 propunere.<br \/>\n&#8220;Aceasta este realitatea juridic\u0103, restul este doar ipocrizie cu care PNL ne-a obi\u0219nuit \u00eenc\u0103 din momentul 2013, c\u00e2nd liderii lor au propus legea amnistiei, pentru ca apoi \u00een public s\u0103 se spele pe m\u00e2ini ca Pilat din Pont! Orice suprapunere a b\u0103t\u0103liei politice peste cauze din justi\u021bie este profund gre\u0219it\u0103 \u0219i m\u0103 delimitez cu hot\u0103r\u00e2re de a\u0219a ceva!&#8221;, a scris Ponta.<br \/>\nPlenul Senatului urmeaz\u0103 s\u0103 dezbat\u0103 \u0219i s\u0103 voteze miercuri rapoartele Comisiei juridice asupra cererilor DNA de \u00eencuviin\u021bare a re\u021binerii \u0219i arest\u0103rii preventive cu privire la Dan \u0218ova \u0219i Darius V\u00e2lcov.<br \/>\nDe asemenea, plenul Camerei Deputa\u021bilor ar urma s\u0103 decid\u0103 miercuri asupra cererilor procurorului-\u0219ef al DNA, Laura Codru\u021ba Kovesi, de \u00eencuviin\u021bare a re\u021binerii \u0219i arest\u0103rii preventive \u00een cazul deputatului PNL Theodor Nicolescu.<\/div>\n<p> Source URL: https:\/\/observatornews.ro\/politic\/ponta-indiferent-de-votul-parlamentului-valcov-nicolescu-sau-ova-pot-fi-trimii-in-faa-judecatorilor-148624.html<\/p>\n","protected":false},"excerpt":{"rendered":"<p>Premierul Victor Ponta apreciaz\u0103 c\u0103 to\u021bi cei trei parlamentari pentru care Parchetul a cerut arestarea preventiv\u0103 pot ajunge \u00een fa\u021ba judec\u0103torilor indiferent de votul din Parlament Premierul Victor Ponta apreciaz\u0103 c\u0103 to\u021bi cei trei parlamentari pentru care Parchetul a cerut arestarea preventiv\u0103 pot ajunge \u00een fa\u021ba judec\u0103torilor indiferent de votul din Parlament &#8220;Pozi\u021bia mea \u0219i [&hellip;]<\/p>\n","protected":false},"author":1,"featured_media":382744,"comment_status":"open","ping_status":"","sticky":false,"template":"","format":"standard","meta":{"footnotes":""},"categories":[2],"tags":[30],"class_list":["post-382743","post","type-post","status-publish","format-standard","has-post-thumbnail","hentry","category-politics","tag-observatornews-ro"],"_links":{"self":[{"href":"https:\/\/analyse.optim.biz\/index.php?rest_route=\/wp\/v2\/posts\/382743","targetHints":{"allow":["GET"]}}],"collection":[{"href":"https:\/\/analyse.optim.biz\/index.php?rest_route=\/wp\/v2\/posts"}],"about":[{"href":"https:\/\/analyse.optim.biz\/index.php?rest_route=\/wp\/v2\/types\/post"}],"author":[{"embeddable":true,"href":"https:\/\/analyse.optim.biz\/index.php?rest_route=\/wp\/v2\/users\/1"}],"replies":[{"embeddable":true,"href":"https:\/\/analyse.optim.biz\/index.php?rest_route=%2Fwp%2Fv2%2Fcomments&post=382743"}],"version-history":[{"count":0,"href":"https:\/\/analyse.optim.biz\/index.php?rest_route=\/wp\/v2\/posts\/382743\/revisions"}],"wp:featuredmedia":[{"embeddable":true,"href":"https:\/\/analyse.optim.biz\/index.php?rest_route=\/wp\/v2\/media\/382744"}],"wp:attachment":[{"href":"https:\/\/analyse.optim.biz\/index.php?rest_route=%2Fwp%2Fv2%2Fmedia&parent=382743"}],"wp:term":[{"taxonomy":"category","embeddable":true,"href":"https:\/\/analyse.optim.biz\/index.php?rest_route=%2Fwp%2Fv2%2Fcategories&post=382743"},{"taxonomy":"post_tag","embeddable":true,"href":"https:\/\/analyse.optim.biz\/index.php?rest_route=%2Fwp%2Fv2%2Ftags&post=382743"}],"curies":[{"name":"wp","href":"https:\/\/api.w.org\/{rel}","templated":true}]}}