{"id":382441,"date":"2015-04-01T15:05:00","date_gmt":"2015-04-01T12:05:00","guid":{"rendered":"https:\/\/analyse.optim.biz\/?p=382441"},"modified":"2015-04-01T15:05:00","modified_gmt":"2015-04-01T12:05:00","slug":"marko-attila-a-demisionat-din-parlament","status":"publish","type":"post","link":"https:\/\/analyse.optim.biz\/?p=382441","title":{"rendered":"Marko Attila a DEMISIONAT din Parlament"},"content":{"rendered":"<div class=\"description\" data-key=\"description\">Deputatul UDMR Marko Attila \u015fi-a dat demisia din Parlament, \u00eenainte ca plenul Camerei Deputa\u0163ilor s\u0103 dezbat\u0103 cea de a doua cerere privind \u00eencuviin\u0163area re\u0163inerii \u015fi arest\u0103rii sale preventive<\/div>\n<div class=\"articleBody\" data-key=\"articleBody\">Deputatul UDMR Marko Attila \u015fi-a dat demisia din Parlament, \u00eenainte ca plenul Camerei Deputa\u0163ilor s\u0103 dezbat\u0103 cea de a doua cerere privind \u00eencuviin\u0163area re\u0163inerii \u015fi arest\u0103rii sale preventive<br \/>\nMarko Attila, \u00een cazul c\u0103ruia Camera Deputa\u0163ilor a am\u00e2nat, miercuri, discutarea raportului privind cererea de \u00eencuviin\u0163are a arest\u0103rii preventive, scrie, pe Facebook, c\u0103 a fost cea mai grea decizie a vie\u0163ii sale s\u0103 demisioneze din func\u0163ia de deputat, informeaz\u0103 Mediafax.ro<br \/>\n\u201dAzi am demisionat din func\u0163ia de deputat. A fost cea mai grea decizie a vie\u0163ii mele s\u0103 m\u0103 retrag de bun\u0103voie \u015fi nevinovat din munca pentru care mi-am dedicat \u00eentreaga via\u0163\u0103\u201d, a scris Marko Attila, miercuri dup\u0103-amiaz\u0103, pe pagina sa de Facebook.\n<\/div>\n<p> Source URL: https:\/\/observatornews.ro\/politic\/marko-attila-a-demisionat-din-parlament-149199.html<\/p>\n","protected":false},"excerpt":{"rendered":"<p>Deputatul UDMR Marko Attila \u015fi-a dat demisia din Parlament, \u00eenainte ca plenul Camerei Deputa\u0163ilor s\u0103 dezbat\u0103 cea de a doua cerere privind \u00eencuviin\u0163area re\u0163inerii \u015fi arest\u0103rii sale preventive Deputatul UDMR Marko Attila \u015fi-a dat demisia din Parlament, \u00eenainte ca plenul Camerei Deputa\u0163ilor s\u0103 dezbat\u0103 cea de a doua cerere privind \u00eencuviin\u0163area re\u0163inerii \u015fi arest\u0103rii sale [&hellip;]<\/p>\n","protected":false},"author":1,"featured_media":0,"comment_status":"open","ping_status":"","sticky":false,"template":"","format":"standard","meta":{"footnotes":""},"categories":[2],"tags":[30],"class_list":["post-382441","post","type-post","status-publish","format-standard","hentry","category-politics","tag-observatornews-ro"],"_links":{"self":[{"href":"https:\/\/analyse.optim.biz\/index.php?rest_route=\/wp\/v2\/posts\/382441","targetHints":{"allow":["GET"]}}],"collection":[{"href":"https:\/\/analyse.optim.biz\/index.php?rest_route=\/wp\/v2\/posts"}],"about":[{"href":"https:\/\/analyse.optim.biz\/index.php?rest_route=\/wp\/v2\/types\/post"}],"author":[{"embeddable":true,"href":"https:\/\/analyse.optim.biz\/index.php?rest_route=\/wp\/v2\/users\/1"}],"replies":[{"embeddable":true,"href":"https:\/\/analyse.optim.biz\/index.php?rest_route=%2Fwp%2Fv2%2Fcomments&post=382441"}],"version-history":[{"count":0,"href":"https:\/\/analyse.optim.biz\/index.php?rest_route=\/wp\/v2\/posts\/382441\/revisions"}],"wp:attachment":[{"href":"https:\/\/analyse.optim.biz\/index.php?rest_route=%2Fwp%2Fv2%2Fmedia&parent=382441"}],"wp:term":[{"taxonomy":"category","embeddable":true,"href":"https:\/\/analyse.optim.biz\/index.php?rest_route=%2Fwp%2Fv2%2Fcategories&post=382441"},{"taxonomy":"post_tag","embeddable":true,"href":"https:\/\/analyse.optim.biz\/index.php?rest_route=%2Fwp%2Fv2%2Ftags&post=382441"}],"curies":[{"name":"wp","href":"https:\/\/api.w.org\/{rel}","templated":true}]}}