{"id":382439,"date":"2015-04-02T07:58:00","date_gmt":"2015-04-02T04:58:00","guid":{"rendered":"https:\/\/analyse.optim.biz\/?p=382439"},"modified":"2015-04-02T07:58:00","modified_gmt":"2015-04-02T04:58:00","slug":"elena-udrea-trimiterea-la-beci-o-forma-de-tortura","status":"publish","type":"post","link":"https:\/\/analyse.optim.biz\/?p=382439","title":{"rendered":"Elena Udrea: &#8220;Trimiterea la &#8220;beci&#8221;, o form\u0103 de tortur\u0103"},"content":{"rendered":"<div class=\"description\" data-key=\"description\">Fostul ministru Elena Udrea sus\u021bine c\u0103 nu exist\u0103 absolut niciun motiv s\u0103 r\u0103m\u00e2n\u0103 \u00een arest preventiv \u0219i spune c\u0103 &#8221;trimiterea &#8216;la beci&#8217; se aseam\u0103n\u0103 cu o form\u0103 de tortur\u0103 f\u0103cut\u0103 pentru ca acuza\u021bii s\u0103 spun\u0103 tot ce vor s\u0103 aud\u0103 procurorii&#8221;<\/div>\n<div class=\"articleBody\" data-key=\"articleBody\">Fostul ministru Elena Udrea sus\u021bine c\u0103 nu exist\u0103 absolut niciun motiv s\u0103 r\u0103m\u00e2n\u0103 \u00een arest preventiv \u0219i spune c\u0103 &#8221;trimiterea &#8216;la beci&#8217; se aseam\u0103n\u0103 cu o form\u0103 de tortur\u0103 f\u0103cut\u0103 pentru ca acuza\u021bii s\u0103 spun\u0103 tot ce vor s\u0103 aud\u0103 procurorii&#8221;<br \/>\n\u00centr-un mesaj postat pe pagina de Facebook a Elenei Udrea, joi, echipa de comunicare a fostului ministru \u00ee\u0219i exprim\u0103 speran\u021ba c\u0103 \u00cenalta Curte &#8221;va lua o decizie pozitiv\u0103&#8221;.<br \/>\n&#8221;Arestul preventiv trebuie s\u0103 fie o m\u0103sur\u0103 excep\u021bional\u0103 \u0219i s\u0103 \u00eei priveasc\u0103 doar pe cei care prezint\u0103 un pericol concret pentru societate \u0219i ordinea public\u0103. Elena Udrea nu poate fi privit\u0103 sub nicio form\u0103 ca un pericol social. Din p\u0103cate, aceast\u0103 m\u0103sur\u0103 a arestului preventiv s-a transformat \u00een m\u00e2inile unor anchetatori \u00eentr-o formul\u0103 primar\u0103 de intimidare \u0219i presiune asupra celor c\u0103rora le este aplicat\u0103. Trimiterea &#8216;la beci&#8217; se aseam\u0103n\u0103 cu o form\u0103 de tortur\u0103 f\u0103cut\u0103 pentru ca acuza\u021bii s\u0103 spun\u0103 tot ce vor s\u0103 aud\u0103 procurorii. Or, crezul \u0219i speran\u021ba noastr\u0103 este c\u0103 Rom\u00e2nia a evoluat foarte mult de la momentul \u00een care aceste practici puteau fi definitorii pentru Justi\u021bie&#8221;, scrie echipa de comunicare a Elenei Udrea.<br \/>\nTotodat\u0103, aceasta afirm\u0103 c\u0103 privarea de libertate \u00eenaintea unei condamn\u0103ri &#8221;nu este fireasc\u0103 \u00eentr-o societate democratic\u0103 \u0219i nu vine nici \u00een spiritul noilor Coduri, care au stabilit c\u0103 exist\u0103 \u0219i alte m\u0103suri de natur\u0103 preventiv\u0103: controlul judiciar \u0219i arestul la domiciliu&#8221;.<br \/>\n&#8221;Dispunerea oric\u0103reia dintre cele dou\u0103 m\u0103suri nu ar \u00eempiedica \u00een vreun fel desf\u0103\u0219urarea anchetei. Doar setea de imagine \u0219i de spectacol face s\u0103 se insiste \u00een continuare pe ideea arestului preventiv, care nu ajut\u0103 \u00een niciun fel la aflarea c\u00e2t mai grabnic\u0103 a adev\u0103rului. Mai mult, \u00een condi\u021biile \u00een care nu exist\u0103 niciun fel de prob\u0103 \u00eempotriva Elenei Udrea, doar denun\u021buri \u0219i declara\u021bii, p\u0103strarea arestului preventiv s-ar constitui \u00eentr-o nou\u0103 nedreptate&#8221;, se mai arat\u0103 \u00een mesajul postat pe Facebook.<\/div>\n<p> Source URL: https:\/\/observatornews.ro\/politic\/elena-udrea-trimiterea-la-beci-o-forma-de-tortura-149249.html<\/p>\n","protected":false},"excerpt":{"rendered":"<p>Fostul ministru Elena Udrea sus\u021bine c\u0103 nu exist\u0103 absolut niciun motiv s\u0103 r\u0103m\u00e2n\u0103 \u00een arest preventiv \u0219i spune c\u0103 &#8221;trimiterea &#8216;la beci&#8217; se aseam\u0103n\u0103 cu o form\u0103 de tortur\u0103 f\u0103cut\u0103 pentru ca acuza\u021bii s\u0103 spun\u0103 tot ce vor s\u0103 aud\u0103 procurorii&#8221; Fostul ministru Elena Udrea sus\u021bine c\u0103 nu exist\u0103 absolut niciun motiv s\u0103 r\u0103m\u00e2n\u0103 \u00een [&hellip;]<\/p>\n","protected":false},"author":1,"featured_media":0,"comment_status":"open","ping_status":"","sticky":false,"template":"","format":"standard","meta":{"footnotes":""},"categories":[2],"tags":[30],"class_list":["post-382439","post","type-post","status-publish","format-standard","hentry","category-politics","tag-observatornews-ro"],"_links":{"self":[{"href":"https:\/\/analyse.optim.biz\/index.php?rest_route=\/wp\/v2\/posts\/382439","targetHints":{"allow":["GET"]}}],"collection":[{"href":"https:\/\/analyse.optim.biz\/index.php?rest_route=\/wp\/v2\/posts"}],"about":[{"href":"https:\/\/analyse.optim.biz\/index.php?rest_route=\/wp\/v2\/types\/post"}],"author":[{"embeddable":true,"href":"https:\/\/analyse.optim.biz\/index.php?rest_route=\/wp\/v2\/users\/1"}],"replies":[{"embeddable":true,"href":"https:\/\/analyse.optim.biz\/index.php?rest_route=%2Fwp%2Fv2%2Fcomments&post=382439"}],"version-history":[{"count":0,"href":"https:\/\/analyse.optim.biz\/index.php?rest_route=\/wp\/v2\/posts\/382439\/revisions"}],"wp:attachment":[{"href":"https:\/\/analyse.optim.biz\/index.php?rest_route=%2Fwp%2Fv2%2Fmedia&parent=382439"}],"wp:term":[{"taxonomy":"category","embeddable":true,"href":"https:\/\/analyse.optim.biz\/index.php?rest_route=%2Fwp%2Fv2%2Fcategories&post=382439"},{"taxonomy":"post_tag","embeddable":true,"href":"https:\/\/analyse.optim.biz\/index.php?rest_route=%2Fwp%2Fv2%2Ftags&post=382439"}],"curies":[{"name":"wp","href":"https:\/\/api.w.org\/{rel}","templated":true}]}}