{"id":382371,"date":"2015-04-06T07:53:00","date_gmt":"2015-04-06T04:53:00","guid":{"rendered":"https:\/\/analyse.optim.biz\/?p=382371"},"modified":"2015-04-06T07:53:00","modified_gmt":"2015-04-06T04:53:00","slug":"inspectia-judiciara-traian-basescu-a-afectat-independenta-justitiei-prin-declaratiile-privind-dosarul-nana","status":"publish","type":"post","link":"https:\/\/analyse.optim.biz\/?p=382371","title":{"rendered":"Inspec\u021bia Judiciar\u0103: Traian B\u0103sescu A AFECTAT independen\u021ba justi\u021biei prin declara\u021biile privind dosarul Nana"},"content":{"rendered":"<div class=\"description\" data-key=\"description\">Inspec\u021bia Judiciar\u0103 (IJ) a constatat, \u00een urma verific\u0103rilor efectuate, c\u0103 Traian B\u0103sescu a afectat independen\u021ba justi\u021biei prin declara\u021biile f\u0103cute cu privire la dosarul Nana<\/div>\n<div class=\"articleBody\" data-key=\"articleBody\">Inspec\u021bia Judiciar\u0103 (IJ) a constatat, \u00een urma verific\u0103rilor efectuate, c\u0103 Traian B\u0103sescu a afectat independen\u021ba justi\u021biei prin declara\u021biile f\u0103cute cu privire la dosarul Nana<br \/>\n&#8220;IJ a constatat c\u0103, prin declara\u021biile f\u0103cute de fostul pre\u0219edinte Traian B\u0103sescu, a fost afectat\u0103 independen\u021ba sistemului, induc\u00e2ndu-se \u00een r\u00e2ndul opiniei publice un sentiment de ne\u00eencredere \u00een activitatea procurorilor&#8221;, a declarat luni, pentru AGERPRES, purt\u0103torul de cuv\u00e2nt al IJ, Tamara Manea.<br \/>\nInspectorii au concluzionat c\u0103 afirma\u021biile f\u0103cute de Traian B\u0103sescu sunt de natur\u0103 s\u0103 produc\u0103 un impact negativ asupra credibilit\u0103\u021bii sistemului judiciar cu consecin\u021ba afect\u0103rii independen\u021bei \u0219i integrit\u0103\u021bii procurorului implicat \u00een instrumentarea dosarului.<br \/>\nRaportul IJ urmeaz\u0103 s\u0103 fie discutat \u00een \u0219edin\u021ba Plenului Consiliului Superior al Magistraturii de mar\u021bi.<br \/>\n\u00cen 9 martie, CSM a anun\u021bat c\u0103 a sesizat Inspec\u021bia Judiciar\u0103 \u00een urma apelului public al conducerii Ministerului Public fa\u021b\u0103 de declara\u021biile fostului pre\u0219edinte Traian B\u0103sescu referitoare la dosarul care are ca obiect reconstituirea dreptului de proprietate \u0219i arendarea unor terenuri amplasate pe raza comunei Nana, jude\u021bul C\u0103l\u0103ra\u0219i.<br \/>\n&#8220;Av\u00e2nd \u00een vedere solicitarea public\u0103 formulat\u0103 de conducerea Ministerului Public, viz\u00e2nd mesajul publicat \u00een 6 martie, pe contul de Facebook al domnului Traian B\u0103sescu, fost pre\u0219edinte al Rom\u00e2niei, \u00een leg\u0103tur\u0103 cu m\u0103surile procesuale dispuse de procurori \u00een dosarul &#8220;Nana&#8221;, conducerea CSM, \u00een temeiul art. 30 alin 1 din Legea 317\/ 2004, a sesizat Inspec\u021bia Judiciar\u0103 cu efectuarea verific\u0103rilor necesare pentru a stabili dac\u0103, prin afirma\u021biile publice men\u021bionate \u0219i dezbaterea mediatic\u0103 a acestora, a fost adus\u0103 atingere independen\u021bei \u0219i impar\u021bialit\u0103\u021bii procurorilor implica\u021bi \u00een instrumentarea dosarului&#8221;, a ar\u0103tat CSM \u00eentr-un comunicat transmis la acea dat\u0103.<br \/>\nAnterior, conducerea Ministerului Public a solicitat CSM s\u0103 \u00ee\u0219i \u00eendeplineasc\u0103 obliga\u021bia legal\u0103 de a ap\u0103ra magistra\u021bii \u00eempotriva oric\u0103rui act care le-ar putea afecta independen\u021ba sau impar\u021bialitatea ori ar crea suspiciuni cu privire la acestea.<br \/>\n&#8221;M\u0103surile procesuale dispuse de procurori \u00eentr-un dosar penal sunt analizate \u0219i validate doar de c\u0103tre judec\u0103tori. Conducerea Ministerului Public apreciaz\u0103 ca fiind regretabil faptul c\u0103 un fost pre\u0219edinte al Rom\u00e2niei pune la \u00eendoial\u0103 independen\u021ba \u0219i impar\u021bialitatea procurorilor, acest lucru fiind de natur\u0103 s\u0103 afecteze prestigiul \u0219i credibilitatea justi\u021biei. \u00cen acest context, conducerea Ministerului Public solicit\u0103 Consiliului Superior al Magistraturii, \u00een calitate de garant al independen\u021bei Justi\u021biei, potrivit art. 1 \u0219i 30 din Legea nr.317\/2004, s\u0103 \u00ee\u0219i \u00eendeplineasc\u0103 obliga\u021bia legal\u0103 de a ap\u0103ra judec\u0103torii \u0219i procurorii \u00eempotriva oric\u0103rui act care le-ar putea afecta independen\u021ba sau impar\u021bialitatea ori ar crea suspiciuni cu privire la acestea&#8221;, a precizat P\u00ceCCJ.<br \/>\nFostul pre\u0219edinte Traian B\u0103sescu a scris \u00een 6 martie pe Facebook c\u0103 nu exclude posibilitatea ca \u00een procesul de restituire a p\u0103m\u00e2nturilor de la Nana s\u0103 fi existat ilegalit\u0103\u021bi, \u00eens\u0103 a sus\u021binut c\u0103 fiica sa a cump\u0103rat cu bun\u0103-credin\u021b\u0103 terenul din comun\u0103.<br \/>\n&#8220;Nu exclud posibilitatea ca \u00een procesul de restituire s\u0103 fi existat ilegalit\u0103\u021bi. Asta va constata justi\u021bia, iar cei care au \u00eenc\u0103lcat legea vor r\u0103spunde. Sper ca astfel de investiga\u021bii s\u0103 se fac\u0103 \u00een toat\u0103 \u021bara, \u00eencep\u00e2nd spre exemplu cu jude\u021bele Vrancea \u0219i Timi\u0219&#8221;, a precizat Traian B\u0103sescu.<br \/>\nEl s-a \u00eentrebat de ce nu s-a f\u0103cut nicio investiga\u021bie privind retrocedarea \u00een perioada de trei ani \u00een care firma italian\u0103 de la care a cump\u0103rat fiica sa a de\u021binut proprietatea terenurilor.<br \/>\n&#8220;Ioana B\u0103sescu a cump\u0103rat de la o firm\u0103 italian\u0103 cele 290,4 hectare de la Nana \u00een octombrie 2013 \u00een baza \u00eenscrisurilor legale de la cartea funciar\u0103, cu deplin\u0103 bun\u0103-credin\u021b\u0103. Oare de ce timp de trei ani c\u00e2t timp firma italian\u0103 a de\u021binut proprietatea terenurilor nu s-a f\u0103cut nicio investiga\u021bie?&#8221;, a ar\u0103tat fostul pre\u0219edinte.<br \/>\nB\u0103sescu a sus\u021binut c\u0103 cele 127 de familii din comuna Nana care au sechestru pe terenurile agricole restituite \u00een perioada 1996-2010 suport\u0103 consecin\u021bele unor ac\u021biuni &#8220;politice&#8221; \u00eendreptate \u00eempotriva sa \u0219i \u0219i-a exprimat p\u0103rerea de r\u0103u fa\u021b\u0103 de situa\u021bia creat\u0103.\n<\/div>\n<p> Source URL: https:\/\/observatornews.ro\/politic\/inspecia-judiciara-traian-basescu-a-afectat-independena-justiiei-prin-declaraiile-privind-dosarul-nana-149514.html<\/p>\n","protected":false},"excerpt":{"rendered":"<p>Inspec\u021bia Judiciar\u0103 (IJ) a constatat, \u00een urma verific\u0103rilor efectuate, c\u0103 Traian B\u0103sescu a afectat independen\u021ba justi\u021biei prin declara\u021biile f\u0103cute cu privire la dosarul Nana Inspec\u021bia Judiciar\u0103 (IJ) a constatat, \u00een urma verific\u0103rilor efectuate, c\u0103 Traian B\u0103sescu a afectat independen\u021ba justi\u021biei prin declara\u021biile f\u0103cute cu privire la dosarul Nana &#8220;IJ a constatat c\u0103, prin declara\u021biile f\u0103cute [&hellip;]<\/p>\n","protected":false},"author":1,"featured_media":0,"comment_status":"open","ping_status":"","sticky":false,"template":"","format":"standard","meta":{"footnotes":""},"categories":[2],"tags":[30],"class_list":["post-382371","post","type-post","status-publish","format-standard","hentry","category-politics","tag-observatornews-ro"],"_links":{"self":[{"href":"https:\/\/analyse.optim.biz\/index.php?rest_route=\/wp\/v2\/posts\/382371","targetHints":{"allow":["GET"]}}],"collection":[{"href":"https:\/\/analyse.optim.biz\/index.php?rest_route=\/wp\/v2\/posts"}],"about":[{"href":"https:\/\/analyse.optim.biz\/index.php?rest_route=\/wp\/v2\/types\/post"}],"author":[{"embeddable":true,"href":"https:\/\/analyse.optim.biz\/index.php?rest_route=\/wp\/v2\/users\/1"}],"replies":[{"embeddable":true,"href":"https:\/\/analyse.optim.biz\/index.php?rest_route=%2Fwp%2Fv2%2Fcomments&post=382371"}],"version-history":[{"count":0,"href":"https:\/\/analyse.optim.biz\/index.php?rest_route=\/wp\/v2\/posts\/382371\/revisions"}],"wp:attachment":[{"href":"https:\/\/analyse.optim.biz\/index.php?rest_route=%2Fwp%2Fv2%2Fmedia&parent=382371"}],"wp:term":[{"taxonomy":"category","embeddable":true,"href":"https:\/\/analyse.optim.biz\/index.php?rest_route=%2Fwp%2Fv2%2Fcategories&post=382371"},{"taxonomy":"post_tag","embeddable":true,"href":"https:\/\/analyse.optim.biz\/index.php?rest_route=%2Fwp%2Fv2%2Ftags&post=382371"}],"curies":[{"name":"wp","href":"https:\/\/api.w.org\/{rel}","templated":true}]}}