{"id":382370,"date":"2015-04-06T08:36:00","date_gmt":"2015-04-06T05:36:00","guid":{"rendered":"https:\/\/analyse.optim.biz\/?p=382370"},"modified":"2015-04-06T08:36:00","modified_gmt":"2015-04-06T05:36:00","slug":"radu-mazare-a-fost-suspendat-din-functia-de-primar","status":"publish","type":"post","link":"https:\/\/analyse.optim.biz\/?p=382370","title":{"rendered":"Radu Maz\u0103re a fost suspendat din func\u0163ia de primar"},"content":{"rendered":"<div class=\"description\" data-key=\"description\">Radu Maz\u0103re, arestat preventiv \u00een dosarul \u00een care este acuzat c\u0103 a luat mit\u0103 nou\u0103 milioane de euro de la firme pe care le-a sprijinit \u00een ob\u0163inerea de autoriza\u0163ii, a fost suspendat de c\u0103tre prefectul jude\u0163ului Constan\u0163a din func\u0163ia de primar al Constan\u0163ei, pe care o ocup\u0103 de 15 ani.<\/div>\n<div class=\"articleBody\" data-key=\"articleBody\">Radu Maz\u0103re, arestat preventiv \u00een dosarul \u00een care este acuzat c\u0103 a luat mit\u0103 nou\u0103 milioane de euro de la firme pe care le-a sprijinit \u00een ob\u0163inerea de autoriza\u0163ii, a fost suspendat de c\u0103tre prefectul jude\u0163ului Constan\u0163a din func\u0163ia de primar al Constan\u0163ei, pe care o ocup\u0103 de 15 ani.\u00a0<br \/>\n&#8220;Av\u00e2nd \u00een vedere adresa \u00cenaltei Cur\u0163i de Casa\u0163ie \u015fi Justi\u0163ie &#8211; Sec\u0163ia Penal\u0103, \u00eenregistrat\u0103 la Institu\u0163ia Prefectului-Jude\u0163ul Constan\u0163a, prin care s-a dispus arestarea preventiv\u0103, prefectul jude\u0163ului Constan\u0163a, Constantin Ion (&#8230;) a emis ordinul prin care se constat\u0103 suspendarea de drept a mandatului primarului Municipiului Constanta, domnul Maz\u0103re Radu \u015etefan, p\u00e2n\u0103 la \u00eencetarea m\u0103surii arest\u0103rii preventive.\u201d<br \/>\nInformarea a fost trimis\u0103 \u015fi la Consiliului Local Constanta \u015fi Secretarului Municipiului Constan\u0163a.<br \/>\nPrezentul ordin poate fi atacat \u00een instan\u0163\u0103, se men\u0163ioneaz\u0103 \u00een comunicat.<\/div>\n<p> Source URL: https:\/\/observatornews.ro\/politic\/radu-mazare-a-fost-suspendat-din-functia-de-primar-149516.html<\/p>\n","protected":false},"excerpt":{"rendered":"<p>Radu Maz\u0103re, arestat preventiv \u00een dosarul \u00een care este acuzat c\u0103 a luat mit\u0103 nou\u0103 milioane de euro de la firme pe care le-a sprijinit \u00een ob\u0163inerea de autoriza\u0163ii, a fost suspendat de c\u0103tre prefectul jude\u0163ului Constan\u0163a din func\u0163ia de primar al Constan\u0163ei, pe care o ocup\u0103 de 15 ani. Radu Maz\u0103re, arestat preventiv \u00een [&hellip;]<\/p>\n","protected":false},"author":1,"featured_media":0,"comment_status":"open","ping_status":"","sticky":false,"template":"","format":"standard","meta":{"footnotes":""},"categories":[2],"tags":[30],"class_list":["post-382370","post","type-post","status-publish","format-standard","hentry","category-politics","tag-observatornews-ro"],"_links":{"self":[{"href":"https:\/\/analyse.optim.biz\/index.php?rest_route=\/wp\/v2\/posts\/382370","targetHints":{"allow":["GET"]}}],"collection":[{"href":"https:\/\/analyse.optim.biz\/index.php?rest_route=\/wp\/v2\/posts"}],"about":[{"href":"https:\/\/analyse.optim.biz\/index.php?rest_route=\/wp\/v2\/types\/post"}],"author":[{"embeddable":true,"href":"https:\/\/analyse.optim.biz\/index.php?rest_route=\/wp\/v2\/users\/1"}],"replies":[{"embeddable":true,"href":"https:\/\/analyse.optim.biz\/index.php?rest_route=%2Fwp%2Fv2%2Fcomments&post=382370"}],"version-history":[{"count":0,"href":"https:\/\/analyse.optim.biz\/index.php?rest_route=\/wp\/v2\/posts\/382370\/revisions"}],"wp:attachment":[{"href":"https:\/\/analyse.optim.biz\/index.php?rest_route=%2Fwp%2Fv2%2Fmedia&parent=382370"}],"wp:term":[{"taxonomy":"category","embeddable":true,"href":"https:\/\/analyse.optim.biz\/index.php?rest_route=%2Fwp%2Fv2%2Fcategories&post=382370"},{"taxonomy":"post_tag","embeddable":true,"href":"https:\/\/analyse.optim.biz\/index.php?rest_route=%2Fwp%2Fv2%2Ftags&post=382370"}],"curies":[{"name":"wp","href":"https:\/\/api.w.org\/{rel}","templated":true}]}}