{"id":382304,"date":"2015-04-08T12:15:00","date_gmt":"2015-04-08T09:15:00","guid":{"rendered":"https:\/\/analyse.optim.biz\/?p=382304"},"modified":"2015-04-08T12:15:00","modified_gmt":"2015-04-08T09:15:00","slug":"cc-refuzul-senatului-de-a-redacta-hotararea-in-cazul-sova-conflict-de-natura-constitutionala","status":"publish","type":"post","link":"https:\/\/analyse.optim.biz\/?p=382304","title":{"rendered":"CC: Refuzul Senatului de a redacta hot\u0103r\u00e2rea \u00een cazul \u015eova, conflict de natur\u0103 constitu\u0163ional\u0103"},"content":{"rendered":"<div class=\"description\" data-key=\"description\">Curtea Constitu\u0163ional\u0103 (CC) a decis, miercuri, referitor la sesizarea pre\u015fedintelui CSM, \u00een urma votului \u00een cazul \u015eova, c\u0103 exist\u0103 un conflict juridic de natur\u0103 constitu\u0163ional\u0103 \u00eentre ICCJ \u015fi Senat, declan\u015fat de refuzul acestuia din urm\u0103 de a redacta hot\u0103r\u00e2rea care atest\u0103 rezultatatul votului.<\/div>\n<div class=\"articleBody\" data-key=\"articleBody\">Curtea Constitu\u0163ional\u0103 (CC) a decis, miercuri, referitor la sesizarea pre\u015fedintelui CSM, \u00een urma votului \u00een cazul \u015eova, c\u0103 exist\u0103 un conflict juridic de natur\u0103 constitu\u0163ional\u0103 \u00eentre ICCJ \u015fi Senat, declan\u015fat de refuzul acestuia din urm\u0103 de a redacta hot\u0103r\u00e2rea care atest\u0103 rezultatatul votului, informeaz\u0103 Mediafax.<\/div>\n<p> Source URL: https:\/\/observatornews.ro\/politic\/cc-refuzul-senatului-de-a-redacta-hotararea-in-cazul-sova-conflict-de-natura-constitutionala-149707.html<\/p>\n","protected":false},"excerpt":{"rendered":"<p>Curtea Constitu\u0163ional\u0103 (CC) a decis, miercuri, referitor la sesizarea pre\u015fedintelui CSM, \u00een urma votului \u00een cazul \u015eova, c\u0103 exist\u0103 un conflict juridic de natur\u0103 constitu\u0163ional\u0103 \u00eentre ICCJ \u015fi Senat, declan\u015fat de refuzul acestuia din urm\u0103 de a redacta hot\u0103r\u00e2rea care atest\u0103 rezultatatul votului. Curtea Constitu\u0163ional\u0103 (CC) a decis, miercuri, referitor la sesizarea pre\u015fedintelui CSM, \u00een [&hellip;]<\/p>\n","protected":false},"author":1,"featured_media":0,"comment_status":"open","ping_status":"","sticky":false,"template":"","format":"standard","meta":{"footnotes":""},"categories":[2],"tags":[30],"class_list":["post-382304","post","type-post","status-publish","format-standard","hentry","category-politics","tag-observatornews-ro"],"_links":{"self":[{"href":"https:\/\/analyse.optim.biz\/index.php?rest_route=\/wp\/v2\/posts\/382304","targetHints":{"allow":["GET"]}}],"collection":[{"href":"https:\/\/analyse.optim.biz\/index.php?rest_route=\/wp\/v2\/posts"}],"about":[{"href":"https:\/\/analyse.optim.biz\/index.php?rest_route=\/wp\/v2\/types\/post"}],"author":[{"embeddable":true,"href":"https:\/\/analyse.optim.biz\/index.php?rest_route=\/wp\/v2\/users\/1"}],"replies":[{"embeddable":true,"href":"https:\/\/analyse.optim.biz\/index.php?rest_route=%2Fwp%2Fv2%2Fcomments&post=382304"}],"version-history":[{"count":0,"href":"https:\/\/analyse.optim.biz\/index.php?rest_route=\/wp\/v2\/posts\/382304\/revisions"}],"wp:attachment":[{"href":"https:\/\/analyse.optim.biz\/index.php?rest_route=%2Fwp%2Fv2%2Fmedia&parent=382304"}],"wp:term":[{"taxonomy":"category","embeddable":true,"href":"https:\/\/analyse.optim.biz\/index.php?rest_route=%2Fwp%2Fv2%2Fcategories&post=382304"},{"taxonomy":"post_tag","embeddable":true,"href":"https:\/\/analyse.optim.biz\/index.php?rest_route=%2Fwp%2Fv2%2Ftags&post=382304"}],"curies":[{"name":"wp","href":"https:\/\/api.w.org\/{rel}","templated":true}]}}