{"id":382268,"date":"2015-04-08T13:01:00","date_gmt":"2015-04-08T10:01:00","guid":{"rendered":"https:\/\/analyse.optim.biz\/?p=382268"},"modified":"2015-04-08T13:01:00","modified_gmt":"2015-04-08T10:01:00","slug":"conflict-intre-puteri-in-cazul-sova-senatul-obligat-sa-redacteze-hotararea","status":"publish","type":"post","link":"https:\/\/analyse.optim.biz\/?p=382268","title":{"rendered":"Conflict \u00eentre puteri \u00een cazul \u0218ova! Senatul, obligat s\u0103 redacteze hot\u0103r\u00e2rea"},"content":{"rendered":"<div class=\"description\" data-key=\"description\">Curtea Constitu\u021bional\u0103 a Rom\u00e2niei a admis miercuri sesizarea \u0219efului CSM \u0219i a constatat c\u0103 exist\u0103 conflict de natur\u0103 constitu\u021bional\u0103 \u00eentre autorit\u0103\u021bi, urm\u00e2nd ca Senatul s\u0103 redacteze hot\u0103r\u00e2rea referitoare la cererea de \u00eencuviin\u021bare a re\u021binerii \u0219i arest\u0103rii preventive a lui Dan \u0218ova<\/div>\n<div class=\"articleBody\" data-key=\"articleBody\">Curtea Constitu\u021bional\u0103 a Rom\u00e2niei a admis miercuri sesizarea \u0219efului CSM \u0219i a constatat c\u0103 exist\u0103 conflict de natur\u0103 constitu\u021bional\u0103 \u00eentre autorit\u0103\u021bi, urm\u00e2nd ca Senatul s\u0103 redacteze hot\u0103r\u00e2rea referitoare la cererea de \u00eencuviin\u021bare a re\u021binerii \u0219i arest\u0103rii preventive a lui Dan \u0218ova<br \/>\n&#8220;\u00cen urma deliber\u0103rilor, cu majoritate de voturi, Curtea a constatat existen\u021ba unui conflict juridic de natur\u0103 constitu\u021bional\u0103 \u00eentre Ministerul Public \u2014 Parchetul de pe l\u00e2ng\u0103 \u00cenalta Curte de Casa\u021bie \u0219i Justi\u021bie \u0219i Senatul Rom\u00e2niei, declan\u0219at de refuzul acestuia din urm\u0103 de a redacta \u0219i publica hot\u0103r\u00e2rea care atest\u0103 rezultatul votului dat \u00een plenul Senatului. Senatul are obliga\u021bia de a redacta hot\u0103r\u00e2rea adoptat\u0103 \u00een \u0219edin\u021ba plenului din 25 martie prin care atest\u0103 rezultatul votului cu privire la cererea de \u00eencuviin\u021bare a arest\u0103rii senatorului Dan-Coman \u0218ova, de a comunica hot\u0103r\u00e2rea autorit\u0103\u021bilor publice competente \u0219i de a o publica \u00een Monitorul Oficial al Rom\u00e2niei. Decizia este definitiv\u0103 \u0219i general obligatorie \u0219i se comunic\u0103 pre\u0219edintelui Consiliului Superior al Magistraturii, precum \u0219i Ministerului Public \u2014 Parchetul de pe l\u00e2ng\u0103 \u00cenalta Curte de Casa\u021bie \u0219i Senatului Rom\u00e2niei&#8221;, se arat\u0103 \u00een comunicatul CCR transmis miercuri AGERPRES.<br \/>\nTot miercuri, \u00een cazul sesiz\u0103rii pre\u0219edintelui Klaus Iohannis, Curtea, cu unanimitate de voturi, a constatat c\u0103 nu exist\u0103 un conflict juridic de natur\u0103 constitu\u021bional\u0103 \u00eentre Ministerul Public \u2014 P\u00ceCCJ \u0219i CSM, pe de o parte, \u0219i Parlament, respectiv Camera Deputa\u021bilor \u0219i Senatul, pe de alt\u0103 parte, generat de omisiunea Camerei Deputa\u021bilor \u0219i a Senatului de a modifica dispozi\u021biile art.24 din Legea 96\/2006 privind Statutul deputa\u021bilor \u0219i al senatorilor, respectiv dispozi\u021biile art.173 din Regulamentul Senatului.<br \/>\nDe asemenea, CCR a respins contesta\u021bia PNL ca devenit\u0103 inadmisibil\u0103, sesizarea de neconstitu\u021bionalitate av\u00e2nd ca obiect dispozi\u021biile art.173 din Regulamentul Senatului.<br \/>\nPe 7 aprilie, plenul Camerei Deputa\u021bilor \u0219i Senatului a decis cu 292 de voturi pentru \u0219i un vot \u00eempotriv\u0103 c\u0103 urm\u0103rirea penal\u0103, re\u021binerea \u0219i arestarea preventiv\u0103 a unui parlamentar pot fi aprobate cu votul majorit\u0103\u021bii deputa\u021bilor sau senatorilor prezen\u021bi la \u0219edin\u021b\u0103.<\/div>\n<p> Source URL: https:\/\/observatornews.ro\/politic\/conflict-intre-puteri-in-cazul-ova-senatul-obligat-sa-redacteze-hotararea-149710.html<\/p>\n","protected":false},"excerpt":{"rendered":"<p>Curtea Constitu\u021bional\u0103 a Rom\u00e2niei a admis miercuri sesizarea \u0219efului CSM \u0219i a constatat c\u0103 exist\u0103 conflict de natur\u0103 constitu\u021bional\u0103 \u00eentre autorit\u0103\u021bi, urm\u00e2nd ca Senatul s\u0103 redacteze hot\u0103r\u00e2rea referitoare la cererea de \u00eencuviin\u021bare a re\u021binerii \u0219i arest\u0103rii preventive a lui Dan \u0218ova Curtea Constitu\u021bional\u0103 a Rom\u00e2niei a admis miercuri sesizarea \u0219efului CSM \u0219i a constatat c\u0103 [&hellip;]<\/p>\n","protected":false},"author":1,"featured_media":0,"comment_status":"open","ping_status":"","sticky":false,"template":"","format":"standard","meta":{"footnotes":""},"categories":[2],"tags":[30],"class_list":["post-382268","post","type-post","status-publish","format-standard","hentry","category-politics","tag-observatornews-ro"],"_links":{"self":[{"href":"https:\/\/analyse.optim.biz\/index.php?rest_route=\/wp\/v2\/posts\/382268","targetHints":{"allow":["GET"]}}],"collection":[{"href":"https:\/\/analyse.optim.biz\/index.php?rest_route=\/wp\/v2\/posts"}],"about":[{"href":"https:\/\/analyse.optim.biz\/index.php?rest_route=\/wp\/v2\/types\/post"}],"author":[{"embeddable":true,"href":"https:\/\/analyse.optim.biz\/index.php?rest_route=\/wp\/v2\/users\/1"}],"replies":[{"embeddable":true,"href":"https:\/\/analyse.optim.biz\/index.php?rest_route=%2Fwp%2Fv2%2Fcomments&post=382268"}],"version-history":[{"count":0,"href":"https:\/\/analyse.optim.biz\/index.php?rest_route=\/wp\/v2\/posts\/382268\/revisions"}],"wp:attachment":[{"href":"https:\/\/analyse.optim.biz\/index.php?rest_route=%2Fwp%2Fv2%2Fmedia&parent=382268"}],"wp:term":[{"taxonomy":"category","embeddable":true,"href":"https:\/\/analyse.optim.biz\/index.php?rest_route=%2Fwp%2Fv2%2Fcategories&post=382268"},{"taxonomy":"post_tag","embeddable":true,"href":"https:\/\/analyse.optim.biz\/index.php?rest_route=%2Fwp%2Fv2%2Ftags&post=382268"}],"curies":[{"name":"wp","href":"https:\/\/api.w.org\/{rel}","templated":true}]}}