{"id":382266,"date":"2015-04-09T06:42:00","date_gmt":"2015-04-09T03:42:00","guid":{"rendered":"https:\/\/analyse.optim.biz\/?p=382266"},"modified":"2015-04-09T06:42:00","modified_gmt":"2015-04-09T03:42:00","slug":"mircea-basescu-nu-neaga-ca-fratele-sau-a-primit-o-parte-din-banii-de-la-bercea-mondial","status":"publish","type":"post","link":"https:\/\/analyse.optim.biz\/?p=382266","title":{"rendered":"Mircea B\u0103sescu nu neag\u0103 c\u0103 fratele s\u0103u a primit o parte din banii de la Bercea Mondial"},"content":{"rendered":"<div class=\"description\" data-key=\"description\">Mircea B\u0103sescu nu a negat \u00een mod explicit, \u00een fa\u0163a instan\u0163ei din Constan\u0163a, acolo unde a fost audiat s\u0103pt\u0103m\u00e2na aceasta, c\u0103 ar fi dat o parte din banii primi\u0163i de la Bercea Mondial fratelui s\u0103u, Traian B\u0103sescu.<\/div>\n<div class=\"articleBody\" data-key=\"articleBody\">Mircea B\u0103sescu nu a negat \u00een mod explicit, \u00een fa\u0163a instan\u0163ei din Constan\u0163a, acolo unde a fost audiat s\u0103pt\u0103m\u00e2na aceasta, c\u0103 ar fi dat o parte din banii primi\u0163i de la Bercea Mondial fratelui s\u0103u, Traian B\u0103sescu.<br \/>\nMircea B\u0103sescu a fost \u00eentrebat \u00een mod explicit de avoca\u0163ii lui Sandu Anghel ce s-a \u00eent\u00e2mplat cu banii primi\u0163i pentru eliberarea acestuia.<br \/>\nAvocat: &#8220;A\u0163i afirmat c\u0103 a\u0163i transmis o parte din bani fratelui dumneavoastr\u0103? A\u0163i remis ace\u015fti bani?<br \/>\nMircea B\u0103sescu: &#8220;Nu comentez. Prefer s\u0103 nu r\u0103spund la aceast\u0103 \u00eentrebare\u201d.<br \/>\n\u201eA preferat acest r\u0103spuns nesincer, care dovede\u015fte c\u0103 a fost implicat &#8211; \u00een opinia mea &#8211; \u00eentr-o rela\u0163ie cu fratele s\u0103u.(&#8230;) Atitudinea asta nesincer\u0103 probabil c\u0103 \u00eei va ad\u0103uga c\u00e2\u0163iva ani de \u00eenchisoare la pedeaps\u0103\u201d, a comentat R\u0103zvan Savaliuc la Antena 3.<\/div>\n<p> Source URL: https:\/\/observatornews.ro\/politic\/mircea-basescu-nu-neaga-ca-fratele-sau-a-primit-o-parte-din-banii-de-la-bercea-mondial-149771.html<\/p>\n","protected":false},"excerpt":{"rendered":"<p>Mircea B\u0103sescu nu a negat \u00een mod explicit, \u00een fa\u0163a instan\u0163ei din Constan\u0163a, acolo unde a fost audiat s\u0103pt\u0103m\u00e2na aceasta, c\u0103 ar fi dat o parte din banii primi\u0163i de la Bercea Mondial fratelui s\u0103u, Traian B\u0103sescu. Mircea B\u0103sescu nu a negat \u00een mod explicit, \u00een fa\u0163a instan\u0163ei din Constan\u0163a, acolo unde a fost audiat [&hellip;]<\/p>\n","protected":false},"author":1,"featured_media":0,"comment_status":"open","ping_status":"","sticky":false,"template":"","format":"standard","meta":{"footnotes":""},"categories":[2],"tags":[30],"class_list":["post-382266","post","type-post","status-publish","format-standard","hentry","category-politics","tag-observatornews-ro"],"_links":{"self":[{"href":"https:\/\/analyse.optim.biz\/index.php?rest_route=\/wp\/v2\/posts\/382266","targetHints":{"allow":["GET"]}}],"collection":[{"href":"https:\/\/analyse.optim.biz\/index.php?rest_route=\/wp\/v2\/posts"}],"about":[{"href":"https:\/\/analyse.optim.biz\/index.php?rest_route=\/wp\/v2\/types\/post"}],"author":[{"embeddable":true,"href":"https:\/\/analyse.optim.biz\/index.php?rest_route=\/wp\/v2\/users\/1"}],"replies":[{"embeddable":true,"href":"https:\/\/analyse.optim.biz\/index.php?rest_route=%2Fwp%2Fv2%2Fcomments&post=382266"}],"version-history":[{"count":0,"href":"https:\/\/analyse.optim.biz\/index.php?rest_route=\/wp\/v2\/posts\/382266\/revisions"}],"wp:attachment":[{"href":"https:\/\/analyse.optim.biz\/index.php?rest_route=%2Fwp%2Fv2%2Fmedia&parent=382266"}],"wp:term":[{"taxonomy":"category","embeddable":true,"href":"https:\/\/analyse.optim.biz\/index.php?rest_route=%2Fwp%2Fv2%2Fcategories&post=382266"},{"taxonomy":"post_tag","embeddable":true,"href":"https:\/\/analyse.optim.biz\/index.php?rest_route=%2Fwp%2Fv2%2Ftags&post=382266"}],"curies":[{"name":"wp","href":"https:\/\/api.w.org\/{rel}","templated":true}]}}