{"id":382211,"date":"2015-04-14T12:14:00","date_gmt":"2015-04-14T09:14:00","guid":{"rendered":"https:\/\/analyse.optim.biz\/?p=382211"},"modified":"2015-04-14T12:14:00","modified_gmt":"2015-04-14T09:14:00","slug":"camera-a-primit-demisia-lui-marko-attila-in-original-plenul-ia-act-miercuri","status":"publish","type":"post","link":"https:\/\/analyse.optim.biz\/?p=382211","title":{"rendered":"Camera a primit demisia lui Marko Attila \u00een original, plenul ia act miercuri"},"content":{"rendered":"<div class=\"description\" data-key=\"description\">Secretarul Camerei Deputa\u021bilor, Niculae Mircovici, a anun\u021bat mar\u021bi, dup\u0103 \u0219edin\u021ba Biroului permanent, c\u0103 \u0219edin\u021ba de plen a Camerei a fost programat\u0103 pentru miercuri, la ora 10,00, c\u00e2nd va fi prezentat\u0103 cererea de demisie \u00een original a deputatului UDMR Marko Attila<\/div>\n<div class=\"articleBody\" data-key=\"articleBody\">Secretarul Camerei Deputa\u021bilor, Niculae Mircovici, a anun\u021bat mar\u021bi, dup\u0103 \u0219edin\u021ba Biroului permanent, c\u0103 \u0219edin\u021ba de plen a Camerei a fost programat\u0103 pentru miercuri, la ora 10,00, c\u00e2nd va fi prezentat\u0103 cererea de demisie \u00een original a deputatului UDMR Marko Attila<br \/>\n&#8220;\u0218edin\u021ba Biroului permanent de ast\u0103zi a decis c\u00e2teva probleme, \u00een primul r\u00e2nd o modificare de program. M\u00e2ine este plen, de la ora 10,00 la ora 13,00, va fi prezentat\u0103 cererea, pentru c\u0103 a venit cererea \u00een original a domnului deputat Marko Attila, de demisie \u0219i se va lua act \u00een plen de aceast\u0103 demisie, \u00eentruc\u00e2t avem deja confirmarea domniei sale c\u0103 nu va veni la plen s\u0103 o sus\u021bin\u0103, deci e doar citirea ei \u00een plen, dup\u0103 care vor fi respingeri&#8221;, a precizat Mircovici.<br \/>\nEl a ad\u0103ugat c\u0103, \u00een urma acestei demisii, se va putea comunica Ministerului Justi\u021biei posibilitatea ca, nemaifiind parlamentar, Marko Attila s\u0103 poat\u0103 fi re\u021binut, &#8220;\u00een cazul \u00een care o astfel de propunere va fi din partea procurorilor, sau arestat, dac\u0103 judec\u0103torul va decide un asemenea lucru&#8221;.<br \/>\nMircovici a precizat c\u0103 modificarea programului a fost determinat\u0103 \u00een primul r\u00e2nd de faptul c\u0103 parlamentarii UDMR vor fi joi \u00een teritoriu, pentru preg\u0103tirea congresului forma\u021biunii.<br \/>\n&#8220;Adic\u0103 vineri \u0219i s\u00e2mb\u0103t\u0103. \u0218i joi au activit\u0103\u021bi preg\u0103titoare Congresului \u0219i vor fi \u00een teritoriu \u0219i, conform cutumei, de fiecare dat\u0103 c\u00e2nd a fost un congres al unei forma\u021biuni politice parlamentare, se particip\u0103 la aceast\u0103 activitate \u0219i atunci e firesc s\u0103 se acorde \u00een mod egal aceast\u0103 obi\u0219nuin\u021b\u0103. E vorba de aceast\u0103 cutum\u0103, ca partidele politice parlamentare care au grupuri parlamentare \u0219i \u00een Senat, \u0219i \u00een Camer\u0103, atunci c\u00e2nd au Congresul, particip\u0103 liderii celorlalte forma\u021biuni politice, particip\u0103 deputa\u021bi de la alte grupuri parlamentare \u0219i e frumos \u0219i e normal s\u0103 fie respecta\u021bi, indiferent c\u0103 sunt mai mari sau mai mici. Nu era vorba de cvorum, era vorba de aceast\u0103 problem\u0103&#8221;, a spus Mircovici, potrivit Agerpres.<br \/>\nSecretarul Camerei a mai spus c\u0103 ziua de joi este dedicat\u0103 activit\u0103\u021bilor \u00een comisii.<\/div>\n<p> Source URL: https:\/\/observatornews.ro\/politic\/camera-a-primit-demisia-lui-marko-attila-in-original-plenul-ia-act-miercuri-150107.html<\/p>\n","protected":false},"excerpt":{"rendered":"<p>Secretarul Camerei Deputa\u021bilor, Niculae Mircovici, a anun\u021bat mar\u021bi, dup\u0103 \u0219edin\u021ba Biroului permanent, c\u0103 \u0219edin\u021ba de plen a Camerei a fost programat\u0103 pentru miercuri, la ora 10,00, c\u00e2nd va fi prezentat\u0103 cererea de demisie \u00een original a deputatului UDMR Marko Attila Secretarul Camerei Deputa\u021bilor, Niculae Mircovici, a anun\u021bat mar\u021bi, dup\u0103 \u0219edin\u021ba Biroului permanent, c\u0103 \u0219edin\u021ba de [&hellip;]<\/p>\n","protected":false},"author":1,"featured_media":0,"comment_status":"open","ping_status":"","sticky":false,"template":"","format":"standard","meta":{"footnotes":""},"categories":[2],"tags":[30],"class_list":["post-382211","post","type-post","status-publish","format-standard","hentry","category-politics","tag-observatornews-ro"],"_links":{"self":[{"href":"https:\/\/analyse.optim.biz\/index.php?rest_route=\/wp\/v2\/posts\/382211","targetHints":{"allow":["GET"]}}],"collection":[{"href":"https:\/\/analyse.optim.biz\/index.php?rest_route=\/wp\/v2\/posts"}],"about":[{"href":"https:\/\/analyse.optim.biz\/index.php?rest_route=\/wp\/v2\/types\/post"}],"author":[{"embeddable":true,"href":"https:\/\/analyse.optim.biz\/index.php?rest_route=\/wp\/v2\/users\/1"}],"replies":[{"embeddable":true,"href":"https:\/\/analyse.optim.biz\/index.php?rest_route=%2Fwp%2Fv2%2Fcomments&post=382211"}],"version-history":[{"count":0,"href":"https:\/\/analyse.optim.biz\/index.php?rest_route=\/wp\/v2\/posts\/382211\/revisions"}],"wp:attachment":[{"href":"https:\/\/analyse.optim.biz\/index.php?rest_route=%2Fwp%2Fv2%2Fmedia&parent=382211"}],"wp:term":[{"taxonomy":"category","embeddable":true,"href":"https:\/\/analyse.optim.biz\/index.php?rest_route=%2Fwp%2Fv2%2Fcategories&post=382211"},{"taxonomy":"post_tag","embeddable":true,"href":"https:\/\/analyse.optim.biz\/index.php?rest_route=%2Fwp%2Fv2%2Ftags&post=382211"}],"curies":[{"name":"wp","href":"https:\/\/api.w.org\/{rel}","templated":true}]}}