{"id":382210,"date":"2015-04-14T14:07:00","date_gmt":"2015-04-14T11:07:00","guid":{"rendered":"https:\/\/analyse.optim.biz\/?p=382210"},"modified":"2015-04-14T14:07:00","modified_gmt":"2015-04-14T11:07:00","slug":"alina-bica-si-dorin-cocos-in-arest-la-domiciliu","status":"publish","type":"post","link":"https:\/\/analyse.optim.biz\/?p=382210","title":{"rendered":"Alina Bica \u0219i Dorin Coco\u0219, \u00een arest la domiciliu"},"content":{"rendered":"<div class=\"description\" data-key=\"description\">\u00cenalta Curte de Casa\u021bie \u0219i Justi\u021bie a decis mar\u021bi ca fosta \u0219ef\u0103 a DIICOT Alina Bica \u0219i omul de afaceri Dorin Coco\u0219 s\u0103 fie judeca\u021bi \u00een arest la domiciliu \u00een dosarul &#8220;Bica 2&#8221;<\/div>\n<div class=\"articleBody\" data-key=\"articleBody\">\u00cenalta Curte de Casa\u021bie \u0219i Justi\u021bie a decis mar\u021bi ca fosta \u0219ef\u0103 a DIICOT Alina Bica \u0219i omul de afaceri Dorin Coco\u0219 s\u0103 fie judeca\u021bi \u00een arest la domiciliu \u00een dosarul &#8220;Bica 2&#8221;<br \/>\nInstan\u021ba a admis cererile celor doi de \u00eenlocuire a arestului preventiv cu arestul la domiciliu pe o perioad\u0103 de 30 de zile, \u00eens\u0103 decizia nu este definitiv\u0103. Fosta \u0219ef\u0103 a DIICOT are arest la domiciliu \u0219i \u00een dosarul &#8220;Bica 1&#8221;.<br \/>\n\u00cen acela\u0219i dosar, instan\u021ba a dispus \u00eenlocuirea m\u0103surii arest\u0103rii preventive cu m\u0103sura controlului judiciar \u00een cazul lui Ionu\u021b Florentin Mih\u0103ilescu pe o perioad\u0103 de 60 de zile.<br \/>\nDe asemenea, judec\u0103torii au decis ca Alin Coco\u0219 s\u0103 fie judecat \u00een continuare \u00een arest la domiciliu, iar fostul ministru al Economiei Adriean Videanu, sub control judiciar.<br \/>\n\u00cen cazul lui Videanu, instan\u021ba nu a fost acord ca el s\u0103 p\u0103r\u0103seasc\u0103 teritoriul Rom\u00e2niei \u00een perioada 25 aprilie \u2014 9 mai 2015.<br \/>\nTotodat\u0103, magistra\u021bii au hot\u0103r\u00e2t \u00eenceperea judec\u0103\u021bii pe fond \u00een acest dosar, dup\u0103 ce DNA a remediat neregularit\u0103\u021bile din rechizitoriu.<br \/>\nDosarul &#8220;Bica 2&#8221; a fost trimis de DNA \u00een instan\u021b\u0103 pe data de 26 februarie, Adriean Videanu fiind acuzat de complicitate la abuz \u00een serviciu dac\u0103 func\u021bionarul a ob\u021binut pentru sine sau pentru altul un folos necuvenit, el st\u00e2nd \u00een arest preventiv \u00een perioada 31 ianuarie \u2014 6 februarie.<br \/>\nDorin Coco\u0219 este acuzat de trafic de influen\u021b\u0103 (dou\u0103 fapte) \u0219i dare de mit\u0103 iar fiul acestuia, Alin Coco\u0219, de complicitate la trafic de influen\u021b\u0103 \u0219i complicitate la dare de mit\u0103.<br \/>\nAlina Bica a fost trimis\u0103 \u00een judecat\u0103 pentru s\u0103v\u00e2r\u0219irea infrac\u021biunilor de luare de mit\u0103 (2 fapte), abuz \u00een serviciu dac\u0103 func\u021bionarul a ob\u021binut pentru sine sau pentru altul un folos necuvenit (2 fapte) \u0219i favorizarea f\u0103ptuitorului (2 fapte) iar Ionu\u021b Florentin Mih\u0103ilescu este acuzat de complicitate la luare de mit\u0103.\n<\/div>\n<p> Source URL: https:\/\/observatornews.ro\/politic\/alina-bica-i-dorin-coco-in-arest-la-domiciliu-150114.html<\/p>\n","protected":false},"excerpt":{"rendered":"<p>\u00cenalta Curte de Casa\u021bie \u0219i Justi\u021bie a decis mar\u021bi ca fosta \u0219ef\u0103 a DIICOT Alina Bica \u0219i omul de afaceri Dorin Coco\u0219 s\u0103 fie judeca\u021bi \u00een arest la domiciliu \u00een dosarul &#8220;Bica 2&#8221; \u00cenalta Curte de Casa\u021bie \u0219i Justi\u021bie a decis mar\u021bi ca fosta \u0219ef\u0103 a DIICOT Alina Bica \u0219i omul de afaceri Dorin Coco\u0219 [&hellip;]<\/p>\n","protected":false},"author":1,"featured_media":0,"comment_status":"open","ping_status":"","sticky":false,"template":"","format":"standard","meta":{"footnotes":""},"categories":[2],"tags":[30],"class_list":["post-382210","post","type-post","status-publish","format-standard","hentry","category-politics","tag-observatornews-ro"],"_links":{"self":[{"href":"https:\/\/analyse.optim.biz\/index.php?rest_route=\/wp\/v2\/posts\/382210","targetHints":{"allow":["GET"]}}],"collection":[{"href":"https:\/\/analyse.optim.biz\/index.php?rest_route=\/wp\/v2\/posts"}],"about":[{"href":"https:\/\/analyse.optim.biz\/index.php?rest_route=\/wp\/v2\/types\/post"}],"author":[{"embeddable":true,"href":"https:\/\/analyse.optim.biz\/index.php?rest_route=\/wp\/v2\/users\/1"}],"replies":[{"embeddable":true,"href":"https:\/\/analyse.optim.biz\/index.php?rest_route=%2Fwp%2Fv2%2Fcomments&post=382210"}],"version-history":[{"count":0,"href":"https:\/\/analyse.optim.biz\/index.php?rest_route=\/wp\/v2\/posts\/382210\/revisions"}],"wp:attachment":[{"href":"https:\/\/analyse.optim.biz\/index.php?rest_route=%2Fwp%2Fv2%2Fmedia&parent=382210"}],"wp:term":[{"taxonomy":"category","embeddable":true,"href":"https:\/\/analyse.optim.biz\/index.php?rest_route=%2Fwp%2Fv2%2Fcategories&post=382210"},{"taxonomy":"post_tag","embeddable":true,"href":"https:\/\/analyse.optim.biz\/index.php?rest_route=%2Fwp%2Fv2%2Ftags&post=382210"}],"curies":[{"name":"wp","href":"https:\/\/api.w.org\/{rel}","templated":true}]}}