{"id":382179,"date":"2015-04-16T09:42:00","date_gmt":"2015-04-16T06:42:00","guid":{"rendered":"https:\/\/analyse.optim.biz\/?p=382179"},"modified":"2015-04-16T09:42:00","modified_gmt":"2015-04-16T06:42:00","slug":"ministrul-dusa-s-a-intalnit-cu-seful-statului-major-al-armatei-germaniei","status":"publish","type":"post","link":"https:\/\/analyse.optim.biz\/?p=382179","title":{"rendered":"Ministrul Du\u0219a s-a \u00eent\u00e2lnit cu \u0219eful Statului Major al Armatei Germaniei"},"content":{"rendered":"<div class=\"description\" data-key=\"description\">Ministrul Ap\u0103r\u0103rii Na\u021bionale, Mircea Du\u0219a, l-a primit joi la sediul MApN pe \u0219eful Statului Major al Armatei Germaniei, generalul Volker Wieker, la \u00eentrevedere fiind abordate subiecte legate de evolu\u021bia situa\u021biei de securitate din zona extins\u0103 a M\u0103rii Negre<\/div>\n<div class=\"articleBody\" data-key=\"articleBody\">Ministrul Ap\u0103r\u0103rii Na\u021bionale, Mircea Du\u0219a, l-a primit joi la sediul MApN pe \u0219eful Statului Major al Armatei Germaniei, generalul Volker Wieker, la \u00eentrevedere fiind abordate subiecte legate de evolu\u021bia situa\u021biei de securitate din zona extins\u0103 a M\u0103rii Negre<br \/>\n&#8220;Am creat cadrul juridic necesar constituirii unit\u0103\u021bii de integrare a for\u021belor Alian\u021bei (NFIU) \u0219i a Comandamentului Multina\u021bional de Divizie Sud-Est (MND-SE) \u00een Bucure\u0219ti, \u00een spa\u021biile unor comandamente existente, care asigur\u0103 condi\u021biile impuse de NATO&#8221;, a declarat, potrivit unui comunicat al MApN, ministrul Du\u0219a referindu-se la cele dou\u0103 structuri de comand\u0103 ale NATO ce vor func\u021biona pe teritoriul Rom\u00e2niei.<br \/>\nAlte teme discutate au fost legate de dezvoltarea capabilit\u0103\u021bilor Alian\u021bei Nord-Atlantice \u0219i preg\u0103tirea Consiliului Afaceri Externe al Uniunii Europene \u00een formatul mini\u0219trilor ap\u0103r\u0103rii, din luna mai \u0219i a Consiliului European dedicat securit\u0103\u021bii \u0219i ap\u0103r\u0103rii, ce va avea loc \u00een luna iunie, informeaz\u0103 MApN.<br \/>\n&#8220;Procesul de implementare a conceptului Na\u021biunilor Cadru, lansat de \u021bara dumneavoastr\u0103, \u00eenregistreaz\u0103 progrese importante. Num\u0103rul mare de participan\u021bi dintre alia\u021bi dovede\u0219te viabilitatea acestei ini\u021biative&#8221;, a spus ministrul Du\u0219a \u00een timpul discu\u021biilor cu generalul Wieker.<br \/>\nLa r\u00e2ndul s\u0103u, \u0219eful Statului Major General, generalul-locotenent Nicolae Ciuc\u0103, la a c\u0103rui invita\u021bie generalul Volker Wieker se afl\u0103 \u00een \u021bara noastr\u0103, i-a prezentat omologului s\u0103u german priorit\u0103\u021bile Armatei Rom\u00e2niei pentru perioada urm\u0103toare, angajamentul militarilor rom\u00e2ni \u00een misiunea &#8220;Resolute Support&#8221; din Afganistan, stadiul implement\u0103rii sarcinilor rezultate din Planul de ac\u021biune al Alian\u021bei pentru cre\u0219terea capacit\u0103\u021bii opera\u021bionale \u00een termenele agreate.<br \/>\nCei doi lideri militari au discutat, de asemenea, despre intensificarea colabor\u0103rii bilaterale, inclusiv prin identificarea unor noi domenii de cooperare.<\/p>\n<\/div>\n<p> Source URL: https:\/\/observatornews.ro\/politic\/ministrul-dua-sa-intalnit-cu-eful-statului-major-al-armatei-germaniei-150248.html<\/p>\n","protected":false},"excerpt":{"rendered":"<p>Ministrul Ap\u0103r\u0103rii Na\u021bionale, Mircea Du\u0219a, l-a primit joi la sediul MApN pe \u0219eful Statului Major al Armatei Germaniei, generalul Volker Wieker, la \u00eentrevedere fiind abordate subiecte legate de evolu\u021bia situa\u021biei de securitate din zona extins\u0103 a M\u0103rii Negre Ministrul Ap\u0103r\u0103rii Na\u021bionale, Mircea Du\u0219a, l-a primit joi la sediul MApN pe \u0219eful Statului Major al Armatei [&hellip;]<\/p>\n","protected":false},"author":1,"featured_media":0,"comment_status":"open","ping_status":"","sticky":false,"template":"","format":"standard","meta":{"footnotes":""},"categories":[2],"tags":[30],"class_list":["post-382179","post","type-post","status-publish","format-standard","hentry","category-politics","tag-observatornews-ro"],"_links":{"self":[{"href":"https:\/\/analyse.optim.biz\/index.php?rest_route=\/wp\/v2\/posts\/382179","targetHints":{"allow":["GET"]}}],"collection":[{"href":"https:\/\/analyse.optim.biz\/index.php?rest_route=\/wp\/v2\/posts"}],"about":[{"href":"https:\/\/analyse.optim.biz\/index.php?rest_route=\/wp\/v2\/types\/post"}],"author":[{"embeddable":true,"href":"https:\/\/analyse.optim.biz\/index.php?rest_route=\/wp\/v2\/users\/1"}],"replies":[{"embeddable":true,"href":"https:\/\/analyse.optim.biz\/index.php?rest_route=%2Fwp%2Fv2%2Fcomments&post=382179"}],"version-history":[{"count":0,"href":"https:\/\/analyse.optim.biz\/index.php?rest_route=\/wp\/v2\/posts\/382179\/revisions"}],"wp:attachment":[{"href":"https:\/\/analyse.optim.biz\/index.php?rest_route=%2Fwp%2Fv2%2Fmedia&parent=382179"}],"wp:term":[{"taxonomy":"category","embeddable":true,"href":"https:\/\/analyse.optim.biz\/index.php?rest_route=%2Fwp%2Fv2%2Fcategories&post=382179"},{"taxonomy":"post_tag","embeddable":true,"href":"https:\/\/analyse.optim.biz\/index.php?rest_route=%2Fwp%2Fv2%2Ftags&post=382179"}],"curies":[{"name":"wp","href":"https:\/\/api.w.org\/{rel}","templated":true}]}}