{"id":382055,"date":"2015-04-21T13:21:00","date_gmt":"2015-04-21T10:21:00","guid":{"rendered":"https:\/\/analyse.optim.biz\/?p=382055"},"modified":"2015-04-21T13:21:00","modified_gmt":"2015-04-21T10:21:00","slug":"tatiana-niculescu-bran-s-a-retras-din-functia-de-purtator-de-cuvant-al-presedintelui-iohannis","status":"publish","type":"post","link":"https:\/\/analyse.optim.biz\/?p=382055","title":{"rendered":"Tatiana Niculescu Bran s-a retras din func\u0163ia de purt\u0103tor de cuv\u00e2nt al pre\u015fedintelui Iohannis"},"content":{"rendered":"<div class=\"description\" data-key=\"description\">Tatiana Niculescu Bran a anun\u0163at, mar\u0163i, c\u0103 s-a retras din func\u0163ia de purt\u0103tor de cuv\u00e2nt al pre\u015fedintelui Klaus Iohannis, men\u0163ion\u00e2nd c\u0103, \u00een perioada decembrie 2014 &#8211; aprilie 2015, colaborarea sa cu presa nu a fost cea pe care ar fi dorit-o<\/div>\n<div class=\"articleBody\" data-key=\"articleBody\">Tatiana Niculescu Bran a anun\u0163at, mar\u0163i, c\u0103 s-a retras din func\u0163ia de purt\u0103tor de cuv\u00e2nt al pre\u015fedintelui Klaus Iohannis, men\u0163ion\u00e2nd c\u0103, \u00een perioada decembrie 2014 &#8211; aprilie 2015, colaborarea sa cu presa nu a fost cea pe care ar fi dorit-o<br \/>\n&#8220;Azi, 21 aprilie a.c., m-am retras din func\u021bia de purt\u0103tor de cuv\u00e2nt, de comun acord cu pre\u0219edintele Rom\u00e2niei. Decizia mea a fost motivat\u0103 de constatarea c\u0103 \u00een perioada decembrie 2014 \u2014 aprilie 2015, colaborarea mea cu presa nu a fost cea pe care a\u0219 fi dorit-o&#8221;, arat\u0103 Tatiana Niculescu Bran, \u00eentr-o declara\u021bie publicat\u0103 de Administra\u021bia Preziden\u021bial\u0103.<br \/>\nEa afirm\u0103 c\u0103 va sus\u021bine \u00een continuare proiectul de \u021bar\u0103 al lui Klaus Iohannis, indiferent de raporturile sale profesionale cu Administra\u021bia Preziden\u021bial\u0103.<br \/>\nTatiana Niculescu Bran a fost numit\u0103 \u00een func\u021bie pe 22 decembrie 2014, \u00een prima zi a mandatului preziden\u021bial a lui Klaus Iohannis.<\/div>\n<p> Source URL: https:\/\/observatornews.ro\/politic\/tatiana-niculescu-bran-sa-retras-din-functia-de-purtator-de-cuvant-al-presedintelui-iohannis-150568.html<\/p>\n","protected":false},"excerpt":{"rendered":"<p>Tatiana Niculescu Bran a anun\u0163at, mar\u0163i, c\u0103 s-a retras din func\u0163ia de purt\u0103tor de cuv\u00e2nt al pre\u015fedintelui Klaus Iohannis, men\u0163ion\u00e2nd c\u0103, \u00een perioada decembrie 2014 &#8211; aprilie 2015, colaborarea sa cu presa nu a fost cea pe care ar fi dorit-o Tatiana Niculescu Bran a anun\u0163at, mar\u0163i, c\u0103 s-a retras din func\u0163ia de purt\u0103tor de [&hellip;]<\/p>\n","protected":false},"author":1,"featured_media":0,"comment_status":"open","ping_status":"","sticky":false,"template":"","format":"standard","meta":{"footnotes":""},"categories":[2],"tags":[30],"class_list":["post-382055","post","type-post","status-publish","format-standard","hentry","category-politics","tag-observatornews-ro"],"_links":{"self":[{"href":"https:\/\/analyse.optim.biz\/index.php?rest_route=\/wp\/v2\/posts\/382055","targetHints":{"allow":["GET"]}}],"collection":[{"href":"https:\/\/analyse.optim.biz\/index.php?rest_route=\/wp\/v2\/posts"}],"about":[{"href":"https:\/\/analyse.optim.biz\/index.php?rest_route=\/wp\/v2\/types\/post"}],"author":[{"embeddable":true,"href":"https:\/\/analyse.optim.biz\/index.php?rest_route=\/wp\/v2\/users\/1"}],"replies":[{"embeddable":true,"href":"https:\/\/analyse.optim.biz\/index.php?rest_route=%2Fwp%2Fv2%2Fcomments&post=382055"}],"version-history":[{"count":0,"href":"https:\/\/analyse.optim.biz\/index.php?rest_route=\/wp\/v2\/posts\/382055\/revisions"}],"wp:attachment":[{"href":"https:\/\/analyse.optim.biz\/index.php?rest_route=%2Fwp%2Fv2%2Fmedia&parent=382055"}],"wp:term":[{"taxonomy":"category","embeddable":true,"href":"https:\/\/analyse.optim.biz\/index.php?rest_route=%2Fwp%2Fv2%2Fcategories&post=382055"},{"taxonomy":"post_tag","embeddable":true,"href":"https:\/\/analyse.optim.biz\/index.php?rest_route=%2Fwp%2Fv2%2Ftags&post=382055"}],"curies":[{"name":"wp","href":"https:\/\/api.w.org\/{rel}","templated":true}]}}